{"id":77466,"date":"2026-03-20T09:11:24","date_gmt":"2026-03-20T09:11:24","guid":{"rendered":"https:\/\/jr1.com.br\/shopping\/2026\/03\/20\/berco-2-em-1-nest-cinza\/"},"modified":"2026-03-20T09:11:24","modified_gmt":"2026-03-20T09:11:24","slug":"berco-2-em-1-nest-cinza","status":"publish","type":"post","link":"https:\/\/jr1.com.br\/shopping\/2026\/03\/20\/berco-2-em-1-nest-cinza\/","title":{"rendered":"Ber\u00e7o 2 em 1 Nest Cinza"},"content":{"rendered":"<h2><\/h2>\n<h3>O pre\u00e7o de Ber\u00e7o 2 em 1 Nest Cinza no dia acima especificado era de <strong>R$ 2328.00<\/strong>.<\/h3>\n<p>Confira o pre\u00e7o atual aqui: <a href=\"https:\/\/www.awin1.com\/pclick.php?p=38605495389&#038;a=690303&#038;m=100453\" rel=\"noopener sponsored\"><img decoding=\"async\" src=\"https:\/\/ui.awin.com\/images\/upload\/merchant\/profile\/100453.png\" alt=\"Ber\u00e7o 2 em 1 Nest Cinza\" \/> &#8211; nas lojas Casa Tema BR<\/a><\/p>\n<p><img decoding=\"async\" src=\"https:\/\/casatema.vteximg.com.br\/arquivos\/ids\/877544_2\" alt=\"Ber\u00e7o 2 em 1 Nest Cinza\" \/><br \/>\nBer\u00e7o 2 em 1 Nest CinzaBer\u00e7o 2 em 1 Nest Cinza. Com um design moderno e minimalista o ber\u00e7o Nest \u00e9 uma excelente op\u00e7\u00e3o para compor o quarto do seu beb\u00ea. Um produto de alta qualidade e durabilidade. Possui estrutura refor\u00e7ada, sendo utilizado em sua fabrica\u00e7\u00e3o MDF de 2,5 cm de espessura, das melhores marcas do pa\u00eds. A lateral \u00e9 uma pe\u00e7a inteiri\u00e7a fresada, com desenho das ripas em grau, deixando o m\u00f3vel diferenciado e bonito. Os p\u00e9s s\u00e3o parte integrante dessa pe\u00e7a. Esses detalhes proporcionam melhor acabamento e maior seguran\u00e7a para o ber\u00e7o. Possui 3 alturas para montagem do estrado do colch\u00e3o, possibilitando que o ber\u00e7o acompanhe v\u00e1rias fases da vida do beb\u00ea. A pintura laca traz o acabamento de alto padr\u00e3o. Ber\u00e7o certificado pelo Inmetro (003738\/2021). Pode ser transformado em mini cama. Pe\u00e7as para transforma\u00e7\u00e3o acompanham o produto.Caracter\u00edsticas:Cor: CinzaAmbiente Principal: Quarto de Beb\u00eaAcabamento dos P\u00e9s: LacaPossui Prateleiras: N\u00e3oNecessita Montagem: SimMultifun\u00e7\u00e3o Flex: N\u00e3oMaterial Principal: MDFLinha ou Cole\u00e7\u00e3o: NestAcompanha Colch\u00e3o: N\u00e3oSapatas Niveladoras: N\u00e3oSuporta At\u00e9 (kg): 40Origem do Produto: NacionalMaterial dos P\u00e9s: MDFMaterial da Grade: MDFAcompanha M\u00f3bile: N\u00e3oPintura At\u00f3xica: SimMaterial do Estrado: MadeiraSistema de Montagem: Parafusos, Minifix, Cavilhas.Cor Predominante: CinzaAcompanha Suporte para Mosquiteiro: N\u00e3oItens Inclusos: 1 Ber\u00e7o, Kit Ferragens e Manual de MontagemEstrado Regul\u00e1vel em Quantas Posi\u00e7\u00f5es: 03Permite a Utiliza\u00e7\u00e3o de Cama Auxiliar: N\u00e3oTamanho do Colch\u00e3o Indicado (L x C): 70cm x 130cmEspa\u00e7o Entre as Barras das Grades: 5.5Sistema Anti-Refluxo: N\u00e3oEstrado com Regulagem de Altura: SimAltura do Estrado at\u00e9 o Ch\u00e3o: 14Op\u00e7\u00f5es de Altura do Estrado: 14cm | 35cm | 52cmComplexidade da Montagem: Baixa: pode ser montado por uma pessoa sozinhaAcompanha Cama Auxiliar: N\u00e3oEscala de Brilho: FoscoAcompanha Dossel: N\u00e3oPeso: 70Tipo de Estrado: Remov\u00edvelPossui Portas: N\u00e3oPossui Rod\u00edzio: N\u00e3oAltura dos P\u00e9s: 10Possui Gavetas: N\u00e3oCor do Produto: CinzaTipo de Grade: FixaProfundidade: 74Altura: 90Possui P\u00e9s: 04Certificado: 003738\/2021Acabamento: LacaPort\u00e1til: N\u00e3oLargura: 135Estilo: ModernoRecomenda\u00e7\u00f5es de Uso, Manuten\u00e7\u00e3o e Limpeza: Para higieniza\u00e7\u00e3o, utilizar um pano levemente umedecido.Garantia: 03 meses<\/p>\n<h4>Aproveite e pesquise o pre\u00e7o deste produto em dezenas de lojas dos marketplaces abaixo:<\/h4>\n<p><a href=\"https:\/\/www.magazinevoce.com.br\/magazineezu\/busca\/Ber\u00e7o 2 em 1 Nest Cinza\/\" target=\"_blank\" rel=\"noopener\"><img decoding=\"async\" src=\"https:\/\/mvc.mlcdn.com.br\/ad\/2503_superofertas.png\" alt=\"Pesquise no Magazine eZu\" \/> &#8211; da Parceria MAGALU<\/a>.<\/p>\n<p>Ainda n\u00e3o encontrou a melhor op\u00e7\u00e3o de compra? Oferecemos mais uma possibilidade de <strong>busca<\/strong> mais ampla para <a href=\"https:\/\/ecompare.com.br\/lojas\/resultados-da-pesquisa\/?q=Ber\u00e7o 2 em 1 Nest Cinza#gsc.tab=0&amp;gsc.q=Ber\u00e7o 2 em 1 Nest Cinza&amp;gsc.page=1\" target=\"_blank\" rel=\"noopener\">Ber\u00e7o 2 em 1 Nest Cinza, clique e continue <strong>pesquisando&#8230;<\/strong><\/a><\/p>\n<hr \/>\n","protected":false},"excerpt":{"rendered":"<p>R$ 2328.00 nas lojas <a href=\"https:\/\/www.awin1.com\/pclick.php?p=38605495389&#038;a=690303&#038;m=100453\" target=\"_blank\" rel=\"sponsored\">Casa Tema BR<\/a><\/p>\n","protected":false},"author":1,"featured_media":0,"comment_status":"closed","ping_status":"closed","sticky":false,"template":"","format":"standard","meta":{"footnotes":""},"categories":[2],"tags":[1432,21],"class_list":["post-77466","post","type-post","status-publish","format-standard","hentry","category-produtos","tag-2328-00","tag-casa-tema-br"],"_links":{"self":[{"href":"https:\/\/jr1.com.br\/shopping\/wp-json\/wp\/v2\/posts\/77466","targetHints":{"allow":["GET"]}}],"collection":[{"href":"https:\/\/jr1.com.br\/shopping\/wp-json\/wp\/v2\/posts"}],"about":[{"href":"https:\/\/jr1.com.br\/shopping\/wp-json\/wp\/v2\/types\/post"}],"author":[{"embeddable":true,"href":"https:\/\/jr1.com.br\/shopping\/wp-json\/wp\/v2\/users\/1"}],"replies":[{"embeddable":true,"href":"https:\/\/jr1.com.br\/shopping\/wp-json\/wp\/v2\/comments?post=77466"}],"version-history":[{"count":0,"href":"https:\/\/jr1.com.br\/shopping\/wp-json\/wp\/v2\/posts\/77466\/revisions"}],"wp:attachment":[{"href":"https:\/\/jr1.com.br\/shopping\/wp-json\/wp\/v2\/media?parent=77466"}],"wp:term":[{"taxonomy":"category","embeddable":true,"href":"https:\/\/jr1.com.br\/shopping\/wp-json\/wp\/v2\/categories?post=77466"},{"taxonomy":"post_tag","embeddable":true,"href":"https:\/\/jr1.com.br\/shopping\/wp-json\/wp\/v2\/tags?post=77466"}],"curies":[{"name":"wp","href":"https:\/\/api.w.org\/{rel}","templated":true}]}}