{"id":77540,"date":"2026-03-26T22:56:23","date_gmt":"2026-03-26T22:56:23","guid":{"rendered":"https:\/\/jr1.com.br\/shopping\/2026\/03\/26\/berco-americano-com-mesa-de-cabeceira-prince-areia-fosco-savana\/"},"modified":"2026-03-26T22:56:23","modified_gmt":"2026-03-26T22:56:23","slug":"berco-americano-com-mesa-de-cabeceira-prince-areia-fosco-savana","status":"publish","type":"post","link":"https:\/\/jr1.com.br\/shopping\/2026\/03\/26\/berco-americano-com-mesa-de-cabeceira-prince-areia-fosco-savana\/","title":{"rendered":"Ber\u00e7o Americano com Mesa de Cabeceira Prince Areia Fosco\/Savana"},"content":{"rendered":"<h2><\/h2>\n<h3>O pre\u00e7o de Ber\u00e7o Americano com Mesa de Cabeceira Prince Areia Fosco\/Savana no dia acima especificado era de <strong>R$ 1174.20<\/strong>.<\/h3>\n<p>Confira o pre\u00e7o atual aqui: <a href=\"https:\/\/www.awin1.com\/pclick.php?p=38605495439&#038;a=690303&#038;m=100453\" rel=\"noopener sponsored\"><img decoding=\"async\" src=\"https:\/\/ui.awin.com\/images\/upload\/merchant\/profile\/100453.png\" alt=\"Ber\u00e7o Americano com Mesa de Cabeceira Prince Areia Fosco\/Savana\" \/> &#8211; nas lojas Casa Tema BR<\/a><\/p>\n<p><img decoding=\"async\" src=\"https:\/\/casatema.vteximg.com.br\/arquivos\/ids\/877938_2\" alt=\"Ber\u00e7o Americano com Mesa de Cabeceira Prince Areia Fosco\/Savana\" \/><br \/>\nBer\u00e7o Americano com Mesa de Cabeceira Prince Areia Fosco\/SavanaBer\u00e7o Americano com Mesa de Cabeceira Prince Areia Fosco\/Savana. O Ber\u00e7o Prince \u00e9 um multifuncional que acompanha cada conquista da vida do beb\u00ea! O ber\u00e7o 4&#215;1 foi projetado para as mam\u00e3es que possuem pouco espa\u00e7o e procuram por um produto moderno e vers\u00e1til! Sua utilidade vai al\u00e9m do esperado, transforma-se em cama de solteiro, c\u00f4moda e\/ou mesinha de cabeceira e trocador. Perfeito para o quartinho do seu beb\u00ea!Caracter\u00edsticas:Cor: Areia Fosco\/SavanaProfundidade: 84 cmPeso: 78,5 kgAcabamento: Pintura UVMaterial Principal: MDFOrigem do Produto: NacionalPort\u00e1til: N\u00e3oAltura: 1,06 cmSuporta At\u00e9 (kg): 35 kgTipo de Grade: FixaMaterial da Grade: MDFAcompanha Suporte para Mosquiteiro: Sim &#8211; Sem V\u00e9uCertificado: 000944\/2019Acompanha M\u00f3bile: N\u00e3oGaveta com Chave: N\u00e3oLargura: 1,94 cmNecessita Montagem: SimAcabamento da Gaveta: Pintura Texturizada UVMaterial dos P\u00e9s: MDFItens Inclusos: 1 Ber\u00e7o, Kit Ferragens, Manual de MontagemCor do Produto: Areia Fosco\/SavanaCor Predominante: BegeEscala de Brilho: FoscoAltura dos P\u00e9s: 35 cmPossui Rod\u00edzio: N\u00e3oSistema de Montagem: Parafusos, Cavilhas e MinifixSapatas Niveladoras: N\u00e3oPossui P\u00e9s: 04Pintura At\u00f3xica: SimSistema Anti-Refluxo: N\u00e3oPossui Prateleiras: N\u00e3oPossui Portas: N\u00e3oComplexidade da Montagem: Alta: deve ser montado por um montador especializadoMaterial da Gaveta: MDFTipo de Corredi\u00e7a da Gaveta: Met\u00e1lica Telesc\u00f3picaGarantia: 03 mesesAmbiente Principal: Quarto de Beb\u00eaTipo de Puxador da Gaveta: EmbutidoEstrado Regul\u00e1vel em Quantas Posi\u00e7\u00f5es: 03Peso M\u00e1ximo por Gaveta: 5 kgPossui Gavetas: 03Multifun\u00e7\u00e3o Flex: Se transforma em cama de solteiro (colch\u00e3o 188&#215;78), c\u00f4moda e trocadorTipo de Estrado: FixoMaterial do Estrado: MDFAltura do Estrado at\u00e9 o Ch\u00e3o: 70 cmOp\u00e7\u00f5es de Altura do Estrado: 1\u00aa 70 cm &#8211; 2\u00aa 54 cm &#8211; 3\u00aa 41 cmEstilo: Retr\u00f4Estrado com Regulagem de Altura: SimTamanho do Colch\u00e3o Indicado (L x C): 130x70Acompanha Colch\u00e3o: N\u00e3oPermite a Utiliza\u00e7\u00e3o de Cama Auxiliar: N\u00e3oAcompanha Cama Auxiliar: N\u00e3oLinha ou Cole\u00e7\u00e3o: Linha PrinceRecomenda\u00e7\u00f5es de Uso, Manuten\u00e7\u00e3o e Limpeza: Limpar utilizando apenas pano semi umedecido com \u00e1gua, nunca utilizar abrasivos ou esponjas de a\u00e7o<\/p>\n<h4>Aproveite e pesquise o pre\u00e7o deste produto em dezenas de lojas dos marketplaces abaixo:<\/h4>\n<p><a href=\"https:\/\/www.magazinevoce.com.br\/magazineezu\/busca\/Ber\u00e7o Americano com Mesa de Cabeceira Prince Areia Fosco\/Savana\/\" target=\"_blank\" rel=\"noopener\"><img decoding=\"async\" src=\"https:\/\/mvc.mlcdn.com.br\/ad\/2503_superofertas.png\" alt=\"Pesquise no Magazine eZu\" \/> &#8211; da Parceria MAGALU<\/a>.<\/p>\n<p>Ainda n\u00e3o encontrou a melhor op\u00e7\u00e3o de compra? Oferecemos mais uma possibilidade de <strong>busca<\/strong> mais ampla para <a href=\"https:\/\/ecompare.com.br\/lojas\/resultados-da-pesquisa\/?q=Ber\u00e7o Americano com Mesa de Cabeceira Prince Areia Fosco\/Savana#gsc.tab=0&amp;gsc.q=Ber\u00e7o Americano com Mesa de Cabeceira Prince Areia Fosco\/Savana&amp;gsc.page=1\" target=\"_blank\" rel=\"noopener\">Ber\u00e7o Americano com Mesa de Cabeceira Prince Areia Fosco\/Savana, clique e continue <strong>pesquisando&#8230;<\/strong><\/a><\/p>\n<hr \/>\n","protected":false},"excerpt":{"rendered":"<p>R$ 1174.20 nas lojas <a href=\"https:\/\/www.awin1.com\/pclick.php?p=38605495439&#038;a=690303&#038;m=100453\" target=\"_blank\" rel=\"sponsored\">Casa Tema BR<\/a><\/p>\n","protected":false},"author":1,"featured_media":0,"comment_status":"closed","ping_status":"closed","sticky":false,"template":"","format":"standard","meta":{"footnotes":""},"categories":[2],"tags":[977,21],"class_list":["post-77540","post","type-post","status-publish","format-standard","hentry","category-produtos","tag-1174-20","tag-casa-tema-br"],"_links":{"self":[{"href":"https:\/\/jr1.com.br\/shopping\/wp-json\/wp\/v2\/posts\/77540","targetHints":{"allow":["GET"]}}],"collection":[{"href":"https:\/\/jr1.com.br\/shopping\/wp-json\/wp\/v2\/posts"}],"about":[{"href":"https:\/\/jr1.com.br\/shopping\/wp-json\/wp\/v2\/types\/post"}],"author":[{"embeddable":true,"href":"https:\/\/jr1.com.br\/shopping\/wp-json\/wp\/v2\/users\/1"}],"replies":[{"embeddable":true,"href":"https:\/\/jr1.com.br\/shopping\/wp-json\/wp\/v2\/comments?post=77540"}],"version-history":[{"count":0,"href":"https:\/\/jr1.com.br\/shopping\/wp-json\/wp\/v2\/posts\/77540\/revisions"}],"wp:attachment":[{"href":"https:\/\/jr1.com.br\/shopping\/wp-json\/wp\/v2\/media?parent=77540"}],"wp:term":[{"taxonomy":"category","embeddable":true,"href":"https:\/\/jr1.com.br\/shopping\/wp-json\/wp\/v2\/categories?post=77540"},{"taxonomy":"post_tag","embeddable":true,"href":"https:\/\/jr1.com.br\/shopping\/wp-json\/wp\/v2\/tags?post=77540"}],"curies":[{"name":"wp","href":"https:\/\/api.w.org\/{rel}","templated":true}]}}