{"id":77660,"date":"2026-03-05T06:51:00","date_gmt":"2026-03-05T06:51:00","guid":{"rendered":"https:\/\/jr1.com.br\/shopping\/2026\/03\/05\/cadeira-infantil-sol-branco\/"},"modified":"2026-03-05T06:51:00","modified_gmt":"2026-03-05T06:51:00","slug":"cadeira-infantil-sol-branco","status":"publish","type":"post","link":"https:\/\/jr1.com.br\/shopping\/2026\/03\/05\/cadeira-infantil-sol-branco\/","title":{"rendered":"Cadeira Infantil Sol Branco"},"content":{"rendered":"<h2><\/h2>\n<h3>O pre\u00e7o de Cadeira Infantil Sol Branco no dia acima especificado era de <strong>R$ 199.09<\/strong>.<\/h3>\n<p>Confira o pre\u00e7o atual aqui: <a href=\"https:\/\/www.awin1.com\/pclick.php?p=38605495467&#038;a=690303&#038;m=100453\" rel=\"noopener sponsored\"><img decoding=\"async\" src=\"https:\/\/ui.awin.com\/images\/upload\/merchant\/profile\/100453.png\" alt=\"Cadeira Infantil Sol Branco\" \/> &#8211; nas lojas Casa Tema BR<\/a><\/p>\n<p><img decoding=\"async\" src=\"https:\/\/casatema.vteximg.com.br\/arquivos\/ids\/878637_2\" alt=\"Cadeira Infantil Sol Branco\" \/><br \/>\nCadeira Infantil Sol BrancoCadeira Infantil Sol Branco. A cadeira infantil \u00e9 perfeita para colocar no quarto montessori, por cadeira de tamanho pequeno pode ser colocada em qualquer lugar da casa. Produzida em MDF, pintura a base de \u00e1gua at\u00f3xica, resistente a riscos. Uma op\u00e7\u00e3o excelente para quem procura m\u00f3veis atraentes, requintados, \u00fanicos com sofistica\u00e7\u00e3o e diferencial. Esse tipo de m\u00f3vel \u00e9 sin\u00f4nimo de qualidade e longa vida \u00fatil, al\u00e9m de seu belo design vai proporcionar ao seu filho momentos de divers\u00e3o e aprendizado. O produto tem um belo acabamento laqueado branco fosco, feito em MDF, assegura maior resist\u00eancia e estabilidade para as brincadeiras das crian\u00e7as, voc\u00ea tamb\u00e9m garante uma boa escolha para a sa\u00fade da crian\u00e7a por se tratar de uma tinta at\u00f3xica a base de \u00e1guaCaracter\u00edsticas:Cor: BrancoAltura: 57 cmQuantidade de P\u00e9s: 02Origem do Produto: NacionalMaterial Principal: MDFProfundidade: 30 cmSuporta At\u00e9 (kg): 50 kgPeso: 2,8 kgLargura: 29 cmDesmont\u00e1vel: SimNecessita Montagem: SimSistema de Montagem: ParafusosComplexidade da Montagem: Baixa: pode ser montado por uma pessoa sozinhaEscala de Brilho: FoscoCor Predominante: BrancoCor do Produto: BrancoRecomenda\u00e7\u00f5es de Uso, Manuten\u00e7\u00e3o e Limpeza: Limpeza: Use um pano levemente umedecido em uma solu\u00e7\u00e3o dilu\u00edda de \u00e1gua e sab\u00e3o neutro e, em seguida, passe o pano seco. Cuidados: Nunca utilize solventes, aguarr\u00e1s, removedores, lustra m\u00f3veis, tiner, acetona, sap\u00f3lio etc.Possui Encosto: SimLinha ou Cole\u00e7\u00e3o: SolAmbiente Principal: Quarto InfantilGarantia: 03 mesesItens Inclusos: 1 cadeira, Kit Ferragens, Manual de Montagem<\/p>\n<h4>Aproveite e pesquise o pre\u00e7o deste produto em dezenas de lojas dos marketplaces abaixo:<\/h4>\n<p><a href=\"https:\/\/www.magazinevoce.com.br\/magazineezu\/busca\/Cadeira Infantil Sol Branco\/\" target=\"_blank\" rel=\"noopener\"><img decoding=\"async\" src=\"https:\/\/mvc.mlcdn.com.br\/ad\/2503_superofertas.png\" alt=\"Pesquise no Magazine eZu\" \/> &#8211; da Parceria MAGALU<\/a>.<\/p>\n<p>Ainda n\u00e3o encontrou a melhor op\u00e7\u00e3o de compra? Oferecemos mais uma possibilidade de <strong>busca<\/strong> mais ampla para <a href=\"https:\/\/ecompare.com.br\/lojas\/resultados-da-pesquisa\/?q=Cadeira Infantil Sol Branco#gsc.tab=0&amp;gsc.q=Cadeira Infantil Sol Branco&amp;gsc.page=1\" target=\"_blank\" rel=\"noopener\">Cadeira Infantil Sol Branco, clique e continue <strong>pesquisando&#8230;<\/strong><\/a><\/p>\n<hr \/>\n","protected":false},"excerpt":{"rendered":"<p>R$ 199.09 nas lojas <a href=\"https:\/\/www.awin1.com\/pclick.php?p=38605495467&#038;a=690303&#038;m=100453\" target=\"_blank\" rel=\"sponsored\">Casa Tema BR<\/a><\/p>\n","protected":false},"author":1,"featured_media":0,"comment_status":"closed","ping_status":"closed","sticky":false,"template":"","format":"standard","meta":{"footnotes":""},"categories":[2],"tags":[555,21],"class_list":["post-77660","post","type-post","status-publish","format-standard","hentry","category-produtos","tag-199-09","tag-casa-tema-br"],"_links":{"self":[{"href":"https:\/\/jr1.com.br\/shopping\/wp-json\/wp\/v2\/posts\/77660","targetHints":{"allow":["GET"]}}],"collection":[{"href":"https:\/\/jr1.com.br\/shopping\/wp-json\/wp\/v2\/posts"}],"about":[{"href":"https:\/\/jr1.com.br\/shopping\/wp-json\/wp\/v2\/types\/post"}],"author":[{"embeddable":true,"href":"https:\/\/jr1.com.br\/shopping\/wp-json\/wp\/v2\/users\/1"}],"replies":[{"embeddable":true,"href":"https:\/\/jr1.com.br\/shopping\/wp-json\/wp\/v2\/comments?post=77660"}],"version-history":[{"count":0,"href":"https:\/\/jr1.com.br\/shopping\/wp-json\/wp\/v2\/posts\/77660\/revisions"}],"wp:attachment":[{"href":"https:\/\/jr1.com.br\/shopping\/wp-json\/wp\/v2\/media?parent=77660"}],"wp:term":[{"taxonomy":"category","embeddable":true,"href":"https:\/\/jr1.com.br\/shopping\/wp-json\/wp\/v2\/categories?post=77660"},{"taxonomy":"post_tag","embeddable":true,"href":"https:\/\/jr1.com.br\/shopping\/wp-json\/wp\/v2\/tags?post=77660"}],"curies":[{"name":"wp","href":"https:\/\/api.w.org\/{rel}","templated":true}]}}