{"id":77671,"date":"2026-03-12T13:49:36","date_gmt":"2026-03-12T13:49:36","guid":{"rendered":"https:\/\/jr1.com.br\/shopping\/2026\/03\/12\/beliche-infantil-com-escada-nichos-gavetas-laterais-e-gavetoes-inferiores-aveiro-oak\/"},"modified":"2026-03-12T13:49:36","modified_gmt":"2026-03-12T13:49:36","slug":"beliche-infantil-com-escada-nichos-gavetas-laterais-e-gavetoes-inferiores-aveiro-oak","status":"publish","type":"post","link":"https:\/\/jr1.com.br\/shopping\/2026\/03\/12\/beliche-infantil-com-escada-nichos-gavetas-laterais-e-gavetoes-inferiores-aveiro-oak\/","title":{"rendered":"Beliche Infantil com Escada Nichos Gavetas Laterais e Gavet\u00f5es Inferiores Aveiro Oak"},"content":{"rendered":"<h2><\/h2>\n<h3>O pre\u00e7o de Beliche Infantil com Escada Nichos Gavetas Laterais e Gavet\u00f5es Inferiores Aveiro Oak no dia acima especificado era de <strong>R$ 1357.99<\/strong>.<\/h3>\n<p>Confira o pre\u00e7o atual aqui: <a href=\"https:\/\/www.awin1.com\/pclick.php?p=38605495530&#038;a=690303&#038;m=100453\" rel=\"noopener sponsored\"><img decoding=\"async\" src=\"https:\/\/ui.awin.com\/images\/upload\/merchant\/profile\/100453.png\" alt=\"Beliche Infantil com Escada Nichos Gavetas Laterais e Gavet\u00f5es Inferiores Aveiro Oak\" \/> &#8211; nas lojas Casa Tema BR<\/a><\/p>\n<p><img decoding=\"async\" src=\"https:\/\/casatema.vteximg.com.br\/arquivos\/ids\/880048_2\" alt=\"Beliche Infantil com Escada Nichos Gavetas Laterais e Gavet\u00f5es Inferiores Aveiro Oak\" \/><br \/>\nBeliche Infantil com Escada Nichos Gavetas Laterais e Gavet\u00f5es Inferiores Aveiro OakBeliche Infantil com Escada Nichos Gavetas Laterais e Gavet\u00f5es Inferiores Aveiro Oak. O quarto da sua ou suas crian\u00e7as ficar\u00e1 ainda mais charmoso com a nossa Cama Beliche. Com escadas laterais, uma praticidade para a subida e descida do seu pequeno. Em cada degrau, nichos que facilitam e otimizam o espa\u00e7o. Nestes nichos, podes guardar e organizar v\u00e1rios brinquedos, livros e outros acess\u00f3rios. Nos \u00faltimos dois nichos rentes ao ch\u00e3o, duas gavetas que acompanham o produto e o tornam ainda mais completo! Permite a montagem da escada lateral tanto do lado direito quanto lado esquerdo. Para completar e sofisticar ainda mais o produto, acompanha dois gavet\u00f5es inferiores, podendo assim armazenar o restante das coisas do quarto, sejam roupas de cama, outros brinquedos, etc. Opcional em v\u00e1rias combina\u00e7\u00f5es de cores, confira!Caracter\u00edsticas:Cor: Aveiro OakPeso: 107 kgLinha ou Cole\u00e7\u00e3o: HeroMaterial Principal: MDPNecessita Montagem: SimSistema de Montagem: Sistema de montagem via parafusos, cavilhas e porcas el\u00edpticas.Acompanha Cama Auxiliar: N\u00e3oComplexidade da Montagem: M\u00e9dia: pode ser montado por mais de uma pessoa e\/ou necessite de maior conhecimento para montagemEscala de Brilho da Gaveta: FoscoTamanho do Colch\u00e3o Indicado (L x C): 78cm x 188cmEstilo: ModernoAltura: 143 cmAcompanha Colch\u00e3o: N\u00e3oLargura: 231,8 cmSuporta At\u00e9 (kg): 80 kgProfundidade: 99 cmGarantia: 03 mesesAcompanha Dossel: N\u00e3oCama Auxiliar com Rod\u00edzio: N\u00e3oCama Auxiliar Acompanha Colch\u00e3o: N\u00e3oPeso Suportado por cada cama: 80.0000Ambiente Principal: Quarto InfantilTipo de Colch\u00e3o: SolteiroEscala de Brilho: FoscoAcabamento: Finish FoilPossui Ba\u00fa: N\u00e3oTipo de Cama: BelicheCor do Produto: Aveiro OakTipo de Estrado: FixoCor Predominante: MarromRecomenda\u00e7\u00f5es de Uso, Manuten\u00e7\u00e3o e Limpeza: Use um pano levemente umedecido com \u00e1gua, seguido de pano seco. N\u00e3o utilize produtos qu\u00edmicos ou abrasivos.<\/p>\n<h4>Aproveite e pesquise o pre\u00e7o deste produto em dezenas de lojas dos marketplaces abaixo:<\/h4>\n<p><a href=\"https:\/\/www.magazinevoce.com.br\/magazineezu\/busca\/Beliche Infantil com Escada Nichos Gavetas Laterais e Gavet\u00f5es Inferiores Aveiro Oak\/\" target=\"_blank\" rel=\"noopener\"><img decoding=\"async\" src=\"https:\/\/mvc.mlcdn.com.br\/ad\/2503_superofertas.png\" alt=\"Pesquise no Magazine eZu\" \/> &#8211; da Parceria MAGALU<\/a>.<\/p>\n<p>Ainda n\u00e3o encontrou a melhor op\u00e7\u00e3o de compra? Oferecemos mais uma possibilidade de <strong>busca<\/strong> mais ampla para <a href=\"https:\/\/ecompare.com.br\/lojas\/resultados-da-pesquisa\/?q=Beliche Infantil com Escada Nichos Gavetas Laterais e Gavet\u00f5es Inferiores Aveiro Oak#gsc.tab=0&amp;gsc.q=Beliche Infantil com Escada Nichos Gavetas Laterais e Gavet\u00f5es Inferiores Aveiro Oak&amp;gsc.page=1\" target=\"_blank\" rel=\"noopener\">Beliche Infantil com Escada Nichos Gavetas Laterais e Gavet\u00f5es Inferiores Aveiro Oak, clique e continue <strong>pesquisando&#8230;<\/strong><\/a><\/p>\n<hr \/>\n","protected":false},"excerpt":{"rendered":"<p>R$ 1357.99 nas lojas <a href=\"https:\/\/www.awin1.com\/pclick.php?p=38605495530&#038;a=690303&#038;m=100453\" target=\"_blank\" rel=\"sponsored\">Casa Tema BR<\/a><\/p>\n","protected":false},"author":1,"featured_media":0,"comment_status":"closed","ping_status":"closed","sticky":false,"template":"","format":"standard","meta":{"footnotes":""},"categories":[2],"tags":[466,21],"class_list":["post-77671","post","type-post","status-publish","format-standard","hentry","category-produtos","tag-1357-99","tag-casa-tema-br"],"_links":{"self":[{"href":"https:\/\/jr1.com.br\/shopping\/wp-json\/wp\/v2\/posts\/77671","targetHints":{"allow":["GET"]}}],"collection":[{"href":"https:\/\/jr1.com.br\/shopping\/wp-json\/wp\/v2\/posts"}],"about":[{"href":"https:\/\/jr1.com.br\/shopping\/wp-json\/wp\/v2\/types\/post"}],"author":[{"embeddable":true,"href":"https:\/\/jr1.com.br\/shopping\/wp-json\/wp\/v2\/users\/1"}],"replies":[{"embeddable":true,"href":"https:\/\/jr1.com.br\/shopping\/wp-json\/wp\/v2\/comments?post=77671"}],"version-history":[{"count":0,"href":"https:\/\/jr1.com.br\/shopping\/wp-json\/wp\/v2\/posts\/77671\/revisions"}],"wp:attachment":[{"href":"https:\/\/jr1.com.br\/shopping\/wp-json\/wp\/v2\/media?parent=77671"}],"wp:term":[{"taxonomy":"category","embeddable":true,"href":"https:\/\/jr1.com.br\/shopping\/wp-json\/wp\/v2\/categories?post=77671"},{"taxonomy":"post_tag","embeddable":true,"href":"https:\/\/jr1.com.br\/shopping\/wp-json\/wp\/v2\/tags?post=77671"}],"curies":[{"name":"wp","href":"https:\/\/api.w.org\/{rel}","templated":true}]}}