{"id":77726,"date":"2026-03-28T22:17:54","date_gmt":"2026-03-28T22:17:54","guid":{"rendered":"https:\/\/jr1.com.br\/shopping\/2026\/03\/28\/quarto-de-bebe-comoda-com-janela-retangulo-e-berco-americano-cocada-espresso-moveis-branco-brilho\/"},"modified":"2026-03-28T22:17:54","modified_gmt":"2026-03-28T22:17:54","slug":"quarto-de-bebe-comoda-com-janela-retangulo-e-berco-americano-cocada-espresso-moveis-branco-brilho","status":"publish","type":"post","link":"https:\/\/jr1.com.br\/shopping\/2026\/03\/28\/quarto-de-bebe-comoda-com-janela-retangulo-e-berco-americano-cocada-espresso-moveis-branco-brilho\/","title":{"rendered":"Quarto de Beb\u00ea C\u00f4moda com Janela Retangulo e Ber\u00e7o Americano Cocada Espresso M\u00f3veis Branco Brilho"},"content":{"rendered":"<h2><\/h2>\n<h3>O pre\u00e7o de Quarto de Beb\u00ea C\u00f4moda com Janela Retangulo e Ber\u00e7o Americano Cocada Espresso M\u00f3veis Branco Brilho no dia acima especificado era de <strong>R$ 892.37<\/strong>.<\/h3>\n<p>Confira o pre\u00e7o atual aqui: <a href=\"https:\/\/www.awin1.com\/pclick.php?p=38605496113&#038;a=690303&#038;m=100453\" rel=\"noopener sponsored\"><img decoding=\"async\" src=\"https:\/\/ui.awin.com\/images\/upload\/merchant\/profile\/100453.png\" alt=\"Quarto de Beb\u00ea C\u00f4moda com Janela Retangulo e Ber\u00e7o Americano Cocada Espresso M\u00f3veis Branco Brilho\" \/> &#8211; nas lojas Casa Tema BR<\/a><\/p>\n<p><img decoding=\"async\" src=\"https:\/\/casatema.vteximg.com.br\/arquivos\/ids\/888062_2\" alt=\"Quarto de Beb\u00ea C\u00f4moda com Janela Retangulo e Ber\u00e7o Americano Cocada Espresso M\u00f3veis Branco Brilho\" \/><br \/>\nQuarto de Beb\u00ea C\u00f4moda com Janela Retangulo e Ber\u00e7o Americano Cocada Espresso M\u00f3veis Branco BrilhoQuarto de Beb\u00ea C\u00f4moda com Janela Retangulo e Ber\u00e7o Americano Cocada Espresso M\u00f3veis Branco Brilho. Proposta desenvolvida para oferecer qualidade, beleza, conforto e seguran\u00e7a para toda fam\u00edlia na hora de montar o quartinho do(a) beb\u00ea. Produtos estrurados em 100% MDF e com acabamento em pintura UV at\u00f3xica. O ber\u00e7o possui padr\u00e3o de colch\u00e3o americano, estrado com altura regul\u00e1vel e todas as bordas arredondadas e laqueadas, que proporcionam mais seguran\u00e7a e uma sensa\u00e7\u00e3o agrad\u00e1vel ao toque, al\u00e9m de pode ser usado como mini cama ou mini sof\u00e1, prolongando seu uso. J\u00e1 a c\u00f4moda possui amplas gavetas que deslizam suavemente por corredi\u00e7as telesc\u00f3picas, facilitando a abertura, uma prateleira que \u00e9 ideal para acomodar as pe\u00e7as com organiza\u00e7\u00e3o da sua prefer\u00eancia. Tamb\u00e9m acompanha o produto, 2 op\u00e7\u00f5es de rodap\u00e9s, um usinado (torneado) e outro retr\u00f4, para que voc\u00ea escolha no momento da montagem qual se adequa ao estilo do ambiente. Aproveite para adquirir o seu agora! Ambiente composto por: &#8211; 1 C\u00f4moda Infantil 1 Porta Janela Retangulo 3 Gavetas 100% MDF Cocada 89,4 x 92,9 x 42 (AxLxP &#8211; cm) &#8211; 1 Ber\u00e7o Mini Cama 3 em 1 Americano 100% MDF Cocada 99 x 148 x 78,40 (AxLxP &#8211; cm)Caracter\u00edsticas:Cor: Branco BrilhoLinha ou Cole\u00e7\u00e3o: CocadaComplexidade da Montagem: Alta: deve ser montado por um montador especializadoPossui Trocador: N\u00e3oNecessita Montagem: SimAcompanha Colch\u00e3o: N\u00e3oEstrado com Regulagem de Altura: SimPermite a Utiliza\u00e7\u00e3o de Cama Auxiliar: N\u00e3oPintura At\u00f3xica: SimCor Predominante: BrancoOrigem do Produto: NacionalMaterial Principal: MDFGarantia: 03 mesesPossui Rod\u00edzio: N\u00e3oAmbiente: nullAmbiente Principal: Quarto de Beb\u00eaAcabamento: Pintura UV<\/p>\n<h4>Aproveite e pesquise o pre\u00e7o deste produto em dezenas de lojas dos marketplaces abaixo:<\/h4>\n<p><a href=\"https:\/\/www.magazinevoce.com.br\/magazineezu\/busca\/Quarto de Beb\u00ea C\u00f4moda com Janela Retangulo e Ber\u00e7o Americano Cocada Espresso M\u00f3veis Branco Brilho\/\" target=\"_blank\" rel=\"noopener\"><img decoding=\"async\" src=\"https:\/\/mvc.mlcdn.com.br\/ad\/2503_superofertas.png\" alt=\"Pesquise no Magazine eZu\" \/> &#8211; da Parceria MAGALU<\/a>.<\/p>\n<p>Ainda n\u00e3o encontrou a melhor op\u00e7\u00e3o de compra? Oferecemos mais uma possibilidade de <strong>busca<\/strong> mais ampla para <a href=\"https:\/\/ecompare.com.br\/lojas\/resultados-da-pesquisa\/?q=Quarto de Beb\u00ea C\u00f4moda com Janela Retangulo e Ber\u00e7o Americano Cocada Espresso M\u00f3veis Branco Brilho#gsc.tab=0&amp;gsc.q=Quarto de Beb\u00ea C\u00f4moda com Janela Retangulo e Ber\u00e7o Americano Cocada Espresso M\u00f3veis Branco Brilho&amp;gsc.page=1\" target=\"_blank\" rel=\"noopener\">Quarto de Beb\u00ea C\u00f4moda com Janela Retangulo e Ber\u00e7o Americano Cocada Espresso M\u00f3veis Branco Brilho, clique e continue <strong>pesquisando&#8230;<\/strong><\/a><\/p>\n<hr \/>\n","protected":false},"excerpt":{"rendered":"<p>R$ 892.37 nas lojas <a href=\"https:\/\/www.awin1.com\/pclick.php?p=38605496113&#038;a=690303&#038;m=100453\" target=\"_blank\" rel=\"sponsored\">Casa Tema BR<\/a><\/p>\n","protected":false},"author":1,"featured_media":0,"comment_status":"closed","ping_status":"closed","sticky":false,"template":"","format":"standard","meta":{"footnotes":""},"categories":[2],"tags":[1488,21],"class_list":["post-77726","post","type-post","status-publish","format-standard","hentry","category-produtos","tag-892-37","tag-casa-tema-br"],"_links":{"self":[{"href":"https:\/\/jr1.com.br\/shopping\/wp-json\/wp\/v2\/posts\/77726","targetHints":{"allow":["GET"]}}],"collection":[{"href":"https:\/\/jr1.com.br\/shopping\/wp-json\/wp\/v2\/posts"}],"about":[{"href":"https:\/\/jr1.com.br\/shopping\/wp-json\/wp\/v2\/types\/post"}],"author":[{"embeddable":true,"href":"https:\/\/jr1.com.br\/shopping\/wp-json\/wp\/v2\/users\/1"}],"replies":[{"embeddable":true,"href":"https:\/\/jr1.com.br\/shopping\/wp-json\/wp\/v2\/comments?post=77726"}],"version-history":[{"count":0,"href":"https:\/\/jr1.com.br\/shopping\/wp-json\/wp\/v2\/posts\/77726\/revisions"}],"wp:attachment":[{"href":"https:\/\/jr1.com.br\/shopping\/wp-json\/wp\/v2\/media?parent=77726"}],"wp:term":[{"taxonomy":"category","embeddable":true,"href":"https:\/\/jr1.com.br\/shopping\/wp-json\/wp\/v2\/categories?post=77726"},{"taxonomy":"post_tag","embeddable":true,"href":"https:\/\/jr1.com.br\/shopping\/wp-json\/wp\/v2\/tags?post=77726"}],"curies":[{"name":"wp","href":"https:\/\/api.w.org\/{rel}","templated":true}]}}