{"id":77808,"date":"2026-03-21T12:02:32","date_gmt":"2026-03-21T12:02:32","guid":{"rendered":"https:\/\/jr1.com.br\/shopping\/2026\/03\/21\/cama-infantil-montessoriana-com-gavetoes-inferiores-branco\/"},"modified":"2026-03-21T12:02:32","modified_gmt":"2026-03-21T12:02:32","slug":"cama-infantil-montessoriana-com-gavetoes-inferiores-branco","status":"publish","type":"post","link":"https:\/\/jr1.com.br\/shopping\/2026\/03\/21\/cama-infantil-montessoriana-com-gavetoes-inferiores-branco\/","title":{"rendered":"Cama Infantil Montessoriana com Gavet\u00f5es Inferiores Branco"},"content":{"rendered":"<h2><\/h2>\n<h3>O pre\u00e7o de Cama Infantil Montessoriana com Gavet\u00f5es Inferiores Branco no dia acima especificado era de <strong>R$ 816.83<\/strong>.<\/h3>\n<p>Confira o pre\u00e7o atual aqui: <a href=\"https:\/\/www.awin1.com\/pclick.php?p=38605495560&#038;a=690303&#038;m=100453\" rel=\"noopener sponsored\"><img decoding=\"async\" src=\"https:\/\/ui.awin.com\/images\/upload\/merchant\/profile\/100453.png\" alt=\"Cama Infantil Montessoriana com Gavet\u00f5es Inferiores Branco\" \/> &#8211; nas lojas Casa Tema BR<\/a><\/p>\n<p><img decoding=\"async\" src=\"https:\/\/casatema.vteximg.com.br\/arquivos\/ids\/899454_2\" alt=\"Cama Infantil Montessoriana com Gavet\u00f5es Inferiores Branco\" \/><br \/>\nCama Infantil Montessoriana com Gavet\u00f5es Inferiores BrancoCama Infantil Montessoriana com Gavet\u00f5es Inferiores Branco. O quarto da sua crian\u00e7a ficar\u00e1 ainda mais charmoso com a nossa Cama Infantil Montessoriana da Completa M\u00f3veis. O conceito Montessori traz o melhor do estilo para o quarto de beb\u00ea ou infantil. Um conceito l\u00fadico para estimular a autonomia e aperfei\u00e7oar o potencial criativo das crian\u00e7as desde a primeira inf\u00e2ncia. Com grades laterais de prote\u00e7\u00e3o e com cantos arredondados, propicia mais seguran\u00e7a pro seu pequeno. Para completar e sofisticar ainda mais o produto, acompanha dois gavet\u00f5es inferiores, podendo assim armazenar o restante das coisas do quarto, sejam roupas de cama, outros brinquedos, etc. Opcional em v\u00e1rias combina\u00e7\u00f5es de cores, confira! O produto \u00e9 entregue desmontado.Caracter\u00edsticas:Cor: BrancoTamanho do Colch\u00e3o Indicado (L x C): 78cm x 188cmAmbiente Principal: Quarto InfantilMaterial Principal: MDPMaterial da Gaveta: MDPNecessita Montagem: SimPossui Prateleiras: N\u00e3oAcompanha Cabeceira: SimMaterial do Estrado: MDFSistema de Montagem: Sistema de montagem via parafusos, cavilhas, sistema minifix, parafusos uni\u00e3o e porcas el\u00edpticas.Acabamento da Gaveta: Finish FoilAcompanha Cama Auxiliar: N\u00e3oComplexidade da Montagem: Baixa: pode ser montado por uma pessoa sozinhaTipo de Puxador da Gaveta: EmbutidoEscala de Brilho da Gaveta: FoscoPermite a Utiliza\u00e7\u00e3o de Cama Auxiliar: N\u00e3oOrigem do Produto: Nacionalundefined: 856301Estilo: ModernoPeso: 57,2 kgAltura: 163 cmLargura: 201 cmSuporta At\u00e9 (kg): 80 kgProfundidade: 95 cmPeso M\u00e1ximo por Gaveta: 25 kgAltura do Estrado at\u00e9 o Ch\u00e3o: 18,8 cmItens Inclusos: 1 Cama, Kit Ferragens e Manual de MontagemAcompanha Colch\u00e3o: N\u00e3oTipo de Colch\u00e3o: SolteiroGarantia: 06 mesesGaveta com Chave: N\u00e3oAcabamento: Finish FoilPossui Ba\u00fa: N\u00e3oPossui P\u00e9s: N\u00e3oTipo de Cama: MontessorianaPossui Portas: N\u00e3oCor do Produto: BrancoTamanho da Cama: SolteiroTipo de Estrado: FixoCor Predominante: BrancoEscala de Brilho: FoscoRecomenda\u00e7\u00f5es de Uso, Manuten\u00e7\u00e3o e Limpeza: Use um pano levemente umedecido com \u00e1gua, seguido de pano seco. N\u00e3o utilize produtos qu\u00edmicos ou abrasivos.<\/p>\n<h4>Aproveite e pesquise o pre\u00e7o deste produto em dezenas de lojas dos marketplaces abaixo:<\/h4>\n<p><a href=\"https:\/\/www.magazinevoce.com.br\/magazineezu\/busca\/Cama Infantil Montessoriana com Gavet\u00f5es Inferiores Branco\/\" target=\"_blank\" rel=\"noopener\"><img decoding=\"async\" src=\"https:\/\/mvc.mlcdn.com.br\/ad\/2503_superofertas.png\" alt=\"Pesquise no Magazine eZu\" \/> &#8211; da Parceria MAGALU<\/a>.<\/p>\n<p>Ainda n\u00e3o encontrou a melhor op\u00e7\u00e3o de compra? Oferecemos mais uma possibilidade de <strong>busca<\/strong> mais ampla para <a href=\"https:\/\/ecompare.com.br\/lojas\/resultados-da-pesquisa\/?q=Cama Infantil Montessoriana com Gavet\u00f5es Inferiores Branco#gsc.tab=0&amp;gsc.q=Cama Infantil Montessoriana com Gavet\u00f5es Inferiores Branco&amp;gsc.page=1\" target=\"_blank\" rel=\"noopener\">Cama Infantil Montessoriana com Gavet\u00f5es Inferiores Branco, clique e continue <strong>pesquisando&#8230;<\/strong><\/a><\/p>\n<hr \/>\n","protected":false},"excerpt":{"rendered":"<p>R$ 816.83 nas lojas <a href=\"https:\/\/www.awin1.com\/pclick.php?p=38605495560&#038;a=690303&#038;m=100453\" target=\"_blank\" rel=\"sponsored\">Casa Tema BR<\/a><\/p>\n","protected":false},"author":1,"featured_media":0,"comment_status":"closed","ping_status":"closed","sticky":false,"template":"","format":"standard","meta":{"footnotes":""},"categories":[2],"tags":[355,21],"class_list":["post-77808","post","type-post","status-publish","format-standard","hentry","category-produtos","tag-816-83","tag-casa-tema-br"],"_links":{"self":[{"href":"https:\/\/jr1.com.br\/shopping\/wp-json\/wp\/v2\/posts\/77808","targetHints":{"allow":["GET"]}}],"collection":[{"href":"https:\/\/jr1.com.br\/shopping\/wp-json\/wp\/v2\/posts"}],"about":[{"href":"https:\/\/jr1.com.br\/shopping\/wp-json\/wp\/v2\/types\/post"}],"author":[{"embeddable":true,"href":"https:\/\/jr1.com.br\/shopping\/wp-json\/wp\/v2\/users\/1"}],"replies":[{"embeddable":true,"href":"https:\/\/jr1.com.br\/shopping\/wp-json\/wp\/v2\/comments?post=77808"}],"version-history":[{"count":0,"href":"https:\/\/jr1.com.br\/shopping\/wp-json\/wp\/v2\/posts\/77808\/revisions"}],"wp:attachment":[{"href":"https:\/\/jr1.com.br\/shopping\/wp-json\/wp\/v2\/media?parent=77808"}],"wp:term":[{"taxonomy":"category","embeddable":true,"href":"https:\/\/jr1.com.br\/shopping\/wp-json\/wp\/v2\/categories?post=77808"},{"taxonomy":"post_tag","embeddable":true,"href":"https:\/\/jr1.com.br\/shopping\/wp-json\/wp\/v2\/tags?post=77808"}],"curies":[{"name":"wp","href":"https:\/\/api.w.org\/{rel}","templated":true}]}}