{"id":77812,"date":"2026-03-13T18:57:47","date_gmt":"2026-03-13T18:57:47","guid":{"rendered":"https:\/\/jr1.com.br\/shopping\/2026\/03\/13\/beliche-infantil-casinha-janelinha-rosa-branco\/"},"modified":"2026-03-13T18:57:47","modified_gmt":"2026-03-13T18:57:47","slug":"beliche-infantil-casinha-janelinha-rosa-branco","status":"publish","type":"post","link":"https:\/\/jr1.com.br\/shopping\/2026\/03\/13\/beliche-infantil-casinha-janelinha-rosa-branco\/","title":{"rendered":"Beliche Infantil Casinha Janelinha Rosa\/Branco"},"content":{"rendered":"<h2><\/h2>\n<h3>O pre\u00e7o de Beliche Infantil Casinha Janelinha Rosa\/Branco no dia acima especificado era de <strong>R$ 3879.98<\/strong>.<\/h3>\n<p>Confira o pre\u00e7o atual aqui: <a href=\"https:\/\/www.awin1.com\/pclick.php?p=38605495580&#038;a=690303&#038;m=100453\" rel=\"noopener sponsored\"><img decoding=\"async\" src=\"https:\/\/ui.awin.com\/images\/upload\/merchant\/profile\/100453.png\" alt=\"Beliche Infantil Casinha Janelinha Rosa\/Branco\" \/> &#8211; nas lojas Casa Tema BR<\/a><\/p>\n<p><img decoding=\"async\" src=\"https:\/\/casatema.vteximg.com.br\/arquivos\/ids\/880585_2\" alt=\"Beliche Infantil Casinha Janelinha Rosa\/Branco\" \/><br \/>\nBeliche Infantil Casinha Janelinha Rosa\/BrancoBeliche Infantil Casinha Janelinha Rosa\/Branco. O Beliche Casinha Janelinha \u00e9 ideal para otimizar espa\u00e7o no quarto do seu filho, al\u00e9m de garantir noites mais aconchegantes e segura. O Beliche possui a cama inferior no modelo Montessori, pr\u00f3ximo ao ch\u00e3o, possibilitando mais autonomia aos pequenos. Estrutura da cama em madeira de reflorestamento de pinus sem n\u00f3s para evitar o amarelecimento da pintura. Fechamento em chapa de MDF pintada na mesma cor da cama. A madeira passa por um processo de corre\u00e7\u00e3o das imperfei\u00e7\u00f5es, recebe uma aplica\u00e7\u00e3o de primer, lixamento e pintura \u00e0 pistola, este processo resulta em uma superf\u00edcie lisa e um toque sedoso.Caracter\u00edsticas:Cor: Rosa\/BrancoPossui Portas: N\u00e3oSuporta At\u00e9 (kg): 110 kgInforma\u00e7\u00f5es Complementares: Suporta 110 kg em cada cama.Origem do Produto: NacionalMaterial Principal: Madeira Maci\u00e7aTipo de Madeira Maci\u00e7a: PinusAcabamento: LacaPeso: 75 kgProfundidade: 97 cmLargura: 197 cmAltura: 240 cmNecessita Montagem: SimSistema de Montagem: Parafusos e CavilhasComplexidade da Montagem: M\u00e9dia: pode ser montado por mais de uma pessoa e\/ou necessite de maior conhecimento para montagemPossui Prateleiras: N\u00e3oPossui Ba\u00fa: N\u00e3oPossui P\u00e9s: N\u00e3oEscala de Brilho: Semi-BrilhoCor Predominante: RosaCor do Produto: Rosa\/BrancoEstilo: ModernoMaterial: Madeira Maci\u00e7aMaterial do Estrado: PinusRecomenda\u00e7\u00f5es de Uso, Manuten\u00e7\u00e3o e Limpeza: O peso suportado \u00e9 considerado distribu\u00eddo sobre o colch\u00e3o, Caso necessite de reaperto \u00e9 importante que se fa\u00e7a, para a limpeza deve-se utilizar apenas pano levemente \u00famido com \u00e1gua, n\u00e3o utilizar lustra m\u00f3veis.Itens Inclusos: 1 Beliche com Fechamento, Kit Ferragens e Manual de MontagemTipo de Cama: BelichePossui Gavetas: N\u00e3oGarantia: 03 mesesMontagem Flex: \u00c9 poss\u00edvel escolher, no momento da montagem, a posi\u00e7\u00e3o de fixa\u00e7\u00e3o da casinha.Ambiente Principal: Quarto InfantilLinha ou Cole\u00e7\u00e3o: CasinhaAcompanha Cama Auxiliar: N\u00e3oPermite a Utiliza\u00e7\u00e3o de Cama Auxiliar: N\u00e3oTamanho da Cama: SolteiroTipo de Colch\u00e3o: SolteiroAcompanha Colch\u00e3o: N\u00e3oTamanho do Colch\u00e3o Indicado (L x C): 88cm x 188cm x 16cmAltura do Estrado at\u00e9 o Ch\u00e3o: 90 cmTipo de Estrado: Fixo<\/p>\n<h4>Aproveite e pesquise o pre\u00e7o deste produto em dezenas de lojas dos marketplaces abaixo:<\/h4>\n<p><a href=\"https:\/\/www.magazinevoce.com.br\/magazineezu\/busca\/Beliche Infantil Casinha Janelinha Rosa\/Branco\/\" target=\"_blank\" rel=\"noopener\"><img decoding=\"async\" src=\"https:\/\/mvc.mlcdn.com.br\/ad\/2503_superofertas.png\" alt=\"Pesquise no Magazine eZu\" \/> &#8211; da Parceria MAGALU<\/a>.<\/p>\n<p>Ainda n\u00e3o encontrou a melhor op\u00e7\u00e3o de compra? Oferecemos mais uma possibilidade de <strong>busca<\/strong> mais ampla para <a href=\"https:\/\/ecompare.com.br\/lojas\/resultados-da-pesquisa\/?q=Beliche Infantil Casinha Janelinha Rosa\/Branco#gsc.tab=0&amp;gsc.q=Beliche Infantil Casinha Janelinha Rosa\/Branco&amp;gsc.page=1\" target=\"_blank\" rel=\"noopener\">Beliche Infantil Casinha Janelinha Rosa\/Branco, clique e continue <strong>pesquisando&#8230;<\/strong><\/a><\/p>\n<hr \/>\n","protected":false},"excerpt":{"rendered":"<p>R$ 3879.98 nas lojas <a href=\"https:\/\/www.awin1.com\/pclick.php?p=38605495580&#038;a=690303&#038;m=100453\" target=\"_blank\" rel=\"sponsored\">Casa Tema BR<\/a><\/p>\n","protected":false},"author":1,"featured_media":0,"comment_status":"closed","ping_status":"closed","sticky":false,"template":"","format":"standard","meta":{"footnotes":""},"categories":[2],"tags":[720,21],"class_list":["post-77812","post","type-post","status-publish","format-standard","hentry","category-produtos","tag-3879-98","tag-casa-tema-br"],"_links":{"self":[{"href":"https:\/\/jr1.com.br\/shopping\/wp-json\/wp\/v2\/posts\/77812","targetHints":{"allow":["GET"]}}],"collection":[{"href":"https:\/\/jr1.com.br\/shopping\/wp-json\/wp\/v2\/posts"}],"about":[{"href":"https:\/\/jr1.com.br\/shopping\/wp-json\/wp\/v2\/types\/post"}],"author":[{"embeddable":true,"href":"https:\/\/jr1.com.br\/shopping\/wp-json\/wp\/v2\/users\/1"}],"replies":[{"embeddable":true,"href":"https:\/\/jr1.com.br\/shopping\/wp-json\/wp\/v2\/comments?post=77812"}],"version-history":[{"count":0,"href":"https:\/\/jr1.com.br\/shopping\/wp-json\/wp\/v2\/posts\/77812\/revisions"}],"wp:attachment":[{"href":"https:\/\/jr1.com.br\/shopping\/wp-json\/wp\/v2\/media?parent=77812"}],"wp:term":[{"taxonomy":"category","embeddable":true,"href":"https:\/\/jr1.com.br\/shopping\/wp-json\/wp\/v2\/categories?post=77812"},{"taxonomy":"post_tag","embeddable":true,"href":"https:\/\/jr1.com.br\/shopping\/wp-json\/wp\/v2\/tags?post=77812"}],"curies":[{"name":"wp","href":"https:\/\/api.w.org\/{rel}","templated":true}]}}