{"id":7785,"date":"2025-09-05T19:50:34","date_gmt":"2025-09-05T19:50:34","guid":{"rendered":"https:\/\/jr1.com.br\/shopping\/2025\/09\/05\/estante-torre-com-3-nichos-90-cm-branco-38605492454\/"},"modified":"2025-09-05T19:50:34","modified_gmt":"2025-09-05T19:50:34","slug":"estante-torre-com-3-nichos-90-cm-branco-38605492454","status":"publish","type":"post","link":"https:\/\/jr1.com.br\/shopping\/2025\/09\/05\/estante-torre-com-3-nichos-90-cm-branco-38605492454\/","title":{"rendered":"Estante Torre com 3 Nichos 90 cm &#8211; Branco &#8211; 38605492454"},"content":{"rendered":"<h2><\/h2>\n<h3>O pre\u00e7o de Estante Torre com 3 Nichos 90 cm &#8211; Branco no dia acima especificado era de <strong>R$ 274.82<\/strong>.<\/h3>\n<p>Confira o pre\u00e7o atual aqui: <a href=\"https:\/\/www.casatema.com.br\/estante-torre-com-3-nichos-90-cm---branco-00015475\/p?idsku=1587340878?utm_source=awin&#038;utm_medium=aff&#038;utm_campaign=690303&#038;utm_content=u1&#038;utm_term=&#038;sv1=affiliate&#038;sv_campaign_id=690303&#038;awc=64882_1747143695_604e9a136a087f3da65a6e07584fd7f3\" target=\"_blank\" rel=\"noopener sponsored\"><img decoding=\"async\" src=\"https:\/\/ui.awin.com\/images\/upload\/merchant\/profile\/100453.png\" alt=\"Estante Torre com 3 Nichos 90 cm - Branco\" \/> &#8211; nas lojas  Casa Tema BR<\/a><\/p>\n<p><img decoding=\"async\" src=\"https:\/\/casatema.vteximg.com.br\/arquivos\/ids\/809399_2\" alt=\"Estante Torre com 3 Nichos 90 cm - Branco\" \/><br \/>\nEstante Torre com 3 Nichos 90 cm -BrancoImagina seu escrit&oacute;rio ou sua sala organizada, onde todos os livros tenham o seu lugar espec&iacute;fico e que ainda, enfeitam o ambiente. Esse &eacute; um desejo que pode ser realizado, com a Estante Torre, uma pe&ccedil;a imponente, bela, de estrutura perfeita para espa&ccedil;os compacto. Sua funcionalidade atende diferentes ambientes e objetivos, seja na sala de estar, no home office, escrit&oacute;rio, cl&iacute;nica e at&eacute; em loja, pois conta com 3 nichos para voc&ecirc; organizar o que quiser. Produzido em MDP revestido com laminado melam&iacute;nico de baixa press&atilde;o e bordas em PVC. Para um ambiente moderno &eacute; necess&aacute;rio escolher m&oacute;veis arrojados, &uacute;nicos, que ir&atilde;o impressionar logo &agrave; primeira vista.MDPPainel de madeira formado por part&iacute;culas de madeira de m&eacute;dia densidade, &eacute; tamb&eacute;m o mais consumido no mundo. &Eacute; produzido em prensas cont&iacute;nuas de &uacute;ltima gera&ccedil;&atilde;o, sendo um dos produtos mais tecnol&oacute;gicos e econ&ocirc;micos para produ&ccedil;&atilde;o de m&oacute;veis de linhas retas ou que precisam receber pinturas e revestimentos de qualquer material. Apresenta excelente resultado em m&oacute;veis para dormit&oacute;rios, escrit&oacute;rios, cozinhas, pain&eacute;is para decora&ccedil;&atilde;o, prateleiras, tampos e base superior\/inferior. Com o manuseio correto e dispositivos de montagem, pode ser montado e desmontado quantas vezes for necess&aacute;rio.Garantia:3 meses para defeito de f&aacute;brica.Caracter&iacute;sticas:- Branco- Estrutura: MDP revestido com laminado melam&iacute;nico- Acabamento: Pintura BP- 3 Nichos- Pode ser usada na vertical e horizontal- Indicamos fixa&ccedil;&atilde;o na parede (acompanha fura&ccedil;&atilde;o de f&aacute;brica e ferragens)- Peso suportado: 3 kg por nicho- M&oacute;vel entregue desmontado- Montagem n&atilde;o inclusa- Marca: FalkkDimens&otilde;es:Peso: 8,58 kgAltura: 90 cmLargura: 30 cmProfundidade: 25 cmOutras Informa&ccedil;&otilde;es- A Montagem n&atilde;o est&aacute; inclusa ao produto.- Os objetos que ambientam as fotos n&atilde;o acompanham o produto.- Imagens meramente ilustrativas. Cores e tonalidades podem variar.- Antes de comprar o seu produto verifique as medidas, o local onde pretende instalar e se &eacute; necess&aacute;rio contratar o servi&ccedil;o de um profissional qualificado.- Na limpeza n&atilde;o utilizar produtos qu&iacute;micos e abrasivos, usar apenas um pano umedecido, para garantir a maior durabilidade do m&oacute;vel.<\/p>\n<h4>Aproveite e pesquise o pre\u00e7o deste produto em dezenas de lojas dos marketplaces abaixo:<\/h4>\n<p><a href=\"https:\/\/www.magazinevoce.com.br\/magazineezu\/busca\/Estante Torre com 3 Nichos 90 cm - Branco\/\" target=\"_blank\" rel=\"noopener\"><img decoding=\"async\" src=\"https:\/\/mvc.mlcdn.com.br\/ad\/2503_superofertas.png\" alt=\"Pesquise no Magazine eZu\" \/> &#8211; da Parceria MAGALU<\/a>.<\/p>\n<p>Ainda n\u00e3o encontrou a melhor op\u00e7\u00e3o de compra? Oferecemos mais uma possibilidade de <strong>busca<\/strong> mais ampla para <a href=\"https:\/\/ecompare.com.br\/lojas\/resultados-da-pesquisa\/?q=Estante Torre com 3 Nichos 90 cm - Branco#gsc.tab=0&amp;gsc.q=Estante Torre com 3 Nichos 90 cm - Branco&amp;gsc.page=1\" target=\"_blank\" rel=\"noopener\">Estante Torre com 3 Nichos 90 cm &#8211; Branco, clique e continue <strong>pesquisando&#8230;<\/strong><\/a><\/p>\n<hr \/>\n","protected":false},"excerpt":{"rendered":"<p>R$ 274.82 nas lojas <a href=\"https:\/\/www.awin1.com\/pclick.php?p=38605492454&#038;a=690303&#038;m=100453\" target=\"_blank\" rel=\"sponsored\">Casa Tema BR<\/a><\/p>\n","protected":false},"author":1,"featured_media":0,"comment_status":"closed","ping_status":"closed","sticky":false,"template":"","format":"standard","meta":{"footnotes":""},"categories":[2],"tags":[21],"class_list":["post-7785","post","type-post","status-publish","format-standard","hentry","category-produtos","tag-casa-tema-br"],"_links":{"self":[{"href":"https:\/\/jr1.com.br\/shopping\/wp-json\/wp\/v2\/posts\/7785","targetHints":{"allow":["GET"]}}],"collection":[{"href":"https:\/\/jr1.com.br\/shopping\/wp-json\/wp\/v2\/posts"}],"about":[{"href":"https:\/\/jr1.com.br\/shopping\/wp-json\/wp\/v2\/types\/post"}],"author":[{"embeddable":true,"href":"https:\/\/jr1.com.br\/shopping\/wp-json\/wp\/v2\/users\/1"}],"replies":[{"embeddable":true,"href":"https:\/\/jr1.com.br\/shopping\/wp-json\/wp\/v2\/comments?post=7785"}],"version-history":[{"count":0,"href":"https:\/\/jr1.com.br\/shopping\/wp-json\/wp\/v2\/posts\/7785\/revisions"}],"wp:attachment":[{"href":"https:\/\/jr1.com.br\/shopping\/wp-json\/wp\/v2\/media?parent=7785"}],"wp:term":[{"taxonomy":"category","embeddable":true,"href":"https:\/\/jr1.com.br\/shopping\/wp-json\/wp\/v2\/categories?post=7785"},{"taxonomy":"post_tag","embeddable":true,"href":"https:\/\/jr1.com.br\/shopping\/wp-json\/wp\/v2\/tags?post=7785"}],"curies":[{"name":"wp","href":"https:\/\/api.w.org\/{rel}","templated":true}]}}