{"id":78021,"date":"2026-03-01T08:12:44","date_gmt":"2026-03-01T08:12:44","guid":{"rendered":"https:\/\/jr1.com.br\/shopping\/2026\/03\/01\/cama-infantil-montessoriana-2-gavetoes-inferiores-1-colchao-branco-azul-secreto\/"},"modified":"2026-03-01T08:12:44","modified_gmt":"2026-03-01T08:12:44","slug":"cama-infantil-montessoriana-2-gavetoes-inferiores-1-colchao-branco-azul-secreto","status":"publish","type":"post","link":"https:\/\/jr1.com.br\/shopping\/2026\/03\/01\/cama-infantil-montessoriana-2-gavetoes-inferiores-1-colchao-branco-azul-secreto\/","title":{"rendered":"Cama Infantil Montessoriana 2 Gavet\u00f5es Inferiores 1 Colch\u00e3o Branco\/Azul Secreto"},"content":{"rendered":"<h2><\/h2>\n<h3>O pre\u00e7o de Cama Infantil Montessoriana 2 Gavet\u00f5es Inferiores 1 Colch\u00e3o Branco\/Azul Secreto no dia acima especificado era de <strong>R$ 1409.04<\/strong>.<\/h3>\n<p>Confira o pre\u00e7o atual aqui: <a href=\"https:\/\/www.awin1.com\/pclick.php?p=38605496205&#038;a=690303&#038;m=100453\" rel=\"noopener sponsored\"><img decoding=\"async\" src=\"https:\/\/ui.awin.com\/images\/upload\/merchant\/profile\/100453.png\" alt=\"Cama Infantil Montessoriana 2 Gavet\u00f5es Inferiores 1 Colch\u00e3o Branco\/Azul Secreto\" \/> &#8211; nas lojas Casa Tema BR<\/a><\/p>\n<p><img decoding=\"async\" src=\"https:\/\/casatema.vteximg.com.br\/arquivos\/ids\/890112_2\" alt=\"Cama Infantil Montessoriana 2 Gavet\u00f5es Inferiores 1 Colch\u00e3o Branco\/Azul Secreto\" \/><br \/>\nCama Infantil Montessoriana 2 Gavet\u00f5es Inferiores 1 Colch\u00e3o Branco\/Azul SecretoCama Infantil Montessoriana 2 Gavet\u00f5es Inferiores 1 Colch\u00e3o Branco\/Azul Secreto. O quarto da sua crian\u00e7a ficar\u00e1 ainda mais charmoso com a nossa Cama Infantil Montessoriana da Completa M\u00f3veis. O conceito Montessori traz o melhor do estilo para o quarto de beb\u00ea ou infantil. Um conceito l\u00fadico para estimular a autonomia e aperfei\u00e7oar o potencial criativo das crian\u00e7as desde a primeira inf\u00e2ncia. Com grades laterais de prote\u00e7\u00e3o e com cantos arredondados, propicia mais seguran\u00e7a pro seu pequeno. Para completar e sofisticar ainda mais o produto, acompanha dois gavet\u00f5es inferiores, podendo assim armazenar o restante das coisas do quarto, sejam roupas de cama, outros brinquedos, etc. Opcional em v\u00e1rias combina\u00e7\u00f5es de cores, confira! O produto \u00e9 entregue desmontado. Acompanha Colch\u00e3o Solteiro 78cm x 188cmCaracter\u00edsticas:Cor: Branco\/Azul SecretoCor do Produto: Branco\/Azul SecretoPermite a Utiliza\u00e7\u00e3o de Cama Auxiliar: N\u00e3oAcompanha Colch\u00e3o: N\u00e3oSuporta At\u00e9 (kg): 80 kgMaterial Principal: MDPPossui Portas: N\u00e3oAcabamento: Finish FoilAmbiente Principal: Quarto InfantilCor Predominante: BrancoGarantia: 06 meses<\/p>\n<h4>Aproveite e pesquise o pre\u00e7o deste produto em dezenas de lojas dos marketplaces abaixo:<\/h4>\n<p><a href=\"https:\/\/www.magazinevoce.com.br\/magazineezu\/busca\/Cama Infantil Montessoriana 2 Gavet\u00f5es Inferiores 1 Colch\u00e3o Branco\/Azul Secreto\/\" target=\"_blank\" rel=\"noopener\"><img decoding=\"async\" src=\"https:\/\/mvc.mlcdn.com.br\/ad\/2503_superofertas.png\" alt=\"Pesquise no Magazine eZu\" \/> &#8211; da Parceria MAGALU<\/a>.<\/p>\n<p>Ainda n\u00e3o encontrou a melhor op\u00e7\u00e3o de compra? Oferecemos mais uma possibilidade de <strong>busca<\/strong> mais ampla para <a href=\"https:\/\/ecompare.com.br\/lojas\/resultados-da-pesquisa\/?q=Cama Infantil Montessoriana 2 Gavet\u00f5es Inferiores 1 Colch\u00e3o Branco\/Azul Secreto#gsc.tab=0&amp;gsc.q=Cama Infantil Montessoriana 2 Gavet\u00f5es Inferiores 1 Colch\u00e3o Branco\/Azul Secreto&amp;gsc.page=1\" target=\"_blank\" rel=\"noopener\">Cama Infantil Montessoriana 2 Gavet\u00f5es Inferiores 1 Colch\u00e3o Branco\/Azul Secreto, clique e continue <strong>pesquisando&#8230;<\/strong><\/a><\/p>\n<hr \/>\n","protected":false},"excerpt":{"rendered":"<p>R$ 1409.04 nas lojas <a href=\"https:\/\/www.awin1.com\/pclick.php?p=38605496205&#038;a=690303&#038;m=100453\" target=\"_blank\" rel=\"sponsored\">Casa Tema BR<\/a><\/p>\n","protected":false},"author":1,"featured_media":0,"comment_status":"closed","ping_status":"closed","sticky":false,"template":"","format":"standard","meta":{"footnotes":""},"categories":[2],"tags":[479,21],"class_list":["post-78021","post","type-post","status-publish","format-standard","hentry","category-produtos","tag-1409-04","tag-casa-tema-br"],"_links":{"self":[{"href":"https:\/\/jr1.com.br\/shopping\/wp-json\/wp\/v2\/posts\/78021","targetHints":{"allow":["GET"]}}],"collection":[{"href":"https:\/\/jr1.com.br\/shopping\/wp-json\/wp\/v2\/posts"}],"about":[{"href":"https:\/\/jr1.com.br\/shopping\/wp-json\/wp\/v2\/types\/post"}],"author":[{"embeddable":true,"href":"https:\/\/jr1.com.br\/shopping\/wp-json\/wp\/v2\/users\/1"}],"replies":[{"embeddable":true,"href":"https:\/\/jr1.com.br\/shopping\/wp-json\/wp\/v2\/comments?post=78021"}],"version-history":[{"count":0,"href":"https:\/\/jr1.com.br\/shopping\/wp-json\/wp\/v2\/posts\/78021\/revisions"}],"wp:attachment":[{"href":"https:\/\/jr1.com.br\/shopping\/wp-json\/wp\/v2\/media?parent=78021"}],"wp:term":[{"taxonomy":"category","embeddable":true,"href":"https:\/\/jr1.com.br\/shopping\/wp-json\/wp\/v2\/categories?post=78021"},{"taxonomy":"post_tag","embeddable":true,"href":"https:\/\/jr1.com.br\/shopping\/wp-json\/wp\/v2\/tags?post=78021"}],"curies":[{"name":"wp","href":"https:\/\/api.w.org\/{rel}","templated":true}]}}