{"id":78140,"date":"2026-03-09T04:44:45","date_gmt":"2026-03-09T04:44:45","guid":{"rendered":"https:\/\/jr1.com.br\/shopping\/2026\/03\/09\/guarda-roupa-infantil-3-portas-2-gavetas-lara-branco\/"},"modified":"2026-03-09T04:44:45","modified_gmt":"2026-03-09T04:44:45","slug":"guarda-roupa-infantil-3-portas-2-gavetas-lara-branco","status":"publish","type":"post","link":"https:\/\/jr1.com.br\/shopping\/2026\/03\/09\/guarda-roupa-infantil-3-portas-2-gavetas-lara-branco\/","title":{"rendered":"Guarda-roupa Infantil 3 Portas 2 Gavetas Lara Branco"},"content":{"rendered":"<h2><\/h2>\n<h3>O pre\u00e7o de Guarda-roupa Infantil 3 Portas 2 Gavetas Lara Branco no dia acima especificado era de <strong>R$ 541.14<\/strong>.<\/h3>\n<p>Confira o pre\u00e7o atual aqui: <a href=\"https:\/\/www.awin1.com\/pclick.php?p=38605496287&#038;a=690303&#038;m=100453\" rel=\"noopener sponsored\"><img decoding=\"async\" src=\"https:\/\/ui.awin.com\/images\/upload\/merchant\/profile\/100453.png\" alt=\"Guarda-roupa Infantil 3 Portas 2 Gavetas Lara Branco\" \/> &#8211; nas lojas Casa Tema BR<\/a><\/p>\n<p><img decoding=\"async\" src=\"https:\/\/casatema.vteximg.com.br\/arquivos\/ids\/892364_2\" alt=\"Guarda-roupa Infantil 3 Portas 2 Gavetas Lara Branco\" \/><br \/>\nGuarda-roupa Infantil 3 Portas 2 Gavetas Lara BrancoGuarda-roupa Infantil 3 Portas 2 Gavetas Lara Branco. O Guarda Roupa Infantil 3 Portas Lara, conta com tr\u00eas portas cl\u00e1ssicas, que d\u00e3o acesso ao espa\u00e7o interno, onde voc\u00ea pode guardar a bolsa maternidade e toalhas de banho. Inclusive, as gavetinhas com puxadores do Guarda-Roupa ser\u00e3o \u00f3timas para guardar itens do enxoval de beb\u00ea, como fraldinhas, bodies e at\u00e9 mesmo o \u00e1lbum de fotografia do nen\u00e9m!Caracter\u00edsticas:Acabamento da Prateleira: Pintura UVEscala de Brilho da Prateleira: FoscoPossui Cabideiros: 01Acabamento da Gaveta: Pintura UVPossui Organizador de Gaveta: N\u00e3oAcabamento da Porta: Pintura UVEscala de Brilho da Porta: BrilhanteMaterial do Puxador da Porta: Pl\u00e1sticoTipo de Puxador da Porta: ExternoTipo de Porta: CorrerTipo de Dobradi\u00e7a\/Corredi\u00e7a da Porta: Met\u00e1licaComplexidade da Montagem: Alta: deve ser montado por um montador especializadoSistema de Montagem: Tampa, Pregos, ParafusosNecessita Montagem: SimMaterial da Porta: MDPPeso M\u00e1ximo por Prateleira: 5 kgCor: BrancoMaterial da Prateleira: MDPLargura: 92,6 cmPossui P\u00e9s: 04Material dos P\u00e9s: Pl\u00e1sticoEscala de Brilho: BrilhanteCor Predominante: BrancoCor do Produto: BrancoEstilo: ModernoPossui Espelho: N\u00e3oProduto Montado: SimAmbiente Principal: Quarto InfantilItens Inclusos: 1 Guarda-Roupa e Manual de MontagemAltura: 185 cmMaterial Principal: MDPProfundidade: 42 cmPeso: 49 kgGarantia: 03 mesesLinha ou Cole\u00e7\u00e3o: Linha LaraPossui Calceiros: N\u00e3oTipo de Gaveta: ExternaPeso M\u00e1ximo por Gaveta: 5 kgTipo de Corredi\u00e7a da Gaveta: Met\u00e1lica SimplesMaterial da Gaveta: MDPGaveta com Chave: N\u00e3oTipo de Guarda-Roupa: Beb\u00eaOrigem do Produto: NacionalRecomenda\u00e7\u00f5es de Uso, Manuten\u00e7\u00e3o e Limpeza: Limpar com pano seco, manter em lugar livre de umidade, ao abrigo de exposi\u00e7\u00e3o direta ao sol.<\/p>\n<h4>Aproveite e pesquise o pre\u00e7o deste produto em dezenas de lojas dos marketplaces abaixo:<\/h4>\n<p><a href=\"https:\/\/www.magazinevoce.com.br\/magazineezu\/busca\/Guarda-roupa Infantil 3 Portas 2 Gavetas Lara Branco\/\" target=\"_blank\" rel=\"noopener\"><img decoding=\"async\" src=\"https:\/\/mvc.mlcdn.com.br\/ad\/2503_superofertas.png\" alt=\"Pesquise no Magazine eZu\" \/> &#8211; da Parceria MAGALU<\/a>.<\/p>\n<p>Ainda n\u00e3o encontrou a melhor op\u00e7\u00e3o de compra? Oferecemos mais uma possibilidade de <strong>busca<\/strong> mais ampla para <a href=\"https:\/\/ecompare.com.br\/lojas\/resultados-da-pesquisa\/?q=Guarda-roupa Infantil 3 Portas 2 Gavetas Lara Branco#gsc.tab=0&amp;gsc.q=Guarda-roupa Infantil 3 Portas 2 Gavetas Lara Branco&amp;gsc.page=1\" target=\"_blank\" rel=\"noopener\">Guarda-roupa Infantil 3 Portas 2 Gavetas Lara Branco, clique e continue <strong>pesquisando&#8230;<\/strong><\/a><\/p>\n<hr \/>\n","protected":false},"excerpt":{"rendered":"<p>R$ 541.14 nas lojas <a href=\"https:\/\/www.awin1.com\/pclick.php?p=38605496287&#038;a=690303&#038;m=100453\" target=\"_blank\" rel=\"sponsored\">Casa Tema BR<\/a><\/p>\n","protected":false},"author":1,"featured_media":0,"comment_status":"closed","ping_status":"closed","sticky":false,"template":"","format":"standard","meta":{"footnotes":""},"categories":[2],"tags":[281,21],"class_list":["post-78140","post","type-post","status-publish","format-standard","hentry","category-produtos","tag-541-14","tag-casa-tema-br"],"_links":{"self":[{"href":"https:\/\/jr1.com.br\/shopping\/wp-json\/wp\/v2\/posts\/78140","targetHints":{"allow":["GET"]}}],"collection":[{"href":"https:\/\/jr1.com.br\/shopping\/wp-json\/wp\/v2\/posts"}],"about":[{"href":"https:\/\/jr1.com.br\/shopping\/wp-json\/wp\/v2\/types\/post"}],"author":[{"embeddable":true,"href":"https:\/\/jr1.com.br\/shopping\/wp-json\/wp\/v2\/users\/1"}],"replies":[{"embeddable":true,"href":"https:\/\/jr1.com.br\/shopping\/wp-json\/wp\/v2\/comments?post=78140"}],"version-history":[{"count":0,"href":"https:\/\/jr1.com.br\/shopping\/wp-json\/wp\/v2\/posts\/78140\/revisions"}],"wp:attachment":[{"href":"https:\/\/jr1.com.br\/shopping\/wp-json\/wp\/v2\/media?parent=78140"}],"wp:term":[{"taxonomy":"category","embeddable":true,"href":"https:\/\/jr1.com.br\/shopping\/wp-json\/wp\/v2\/categories?post=78140"},{"taxonomy":"post_tag","embeddable":true,"href":"https:\/\/jr1.com.br\/shopping\/wp-json\/wp\/v2\/tags?post=78140"}],"curies":[{"name":"wp","href":"https:\/\/api.w.org\/{rel}","templated":true}]}}