{"id":78222,"date":"2026-03-24T12:46:44","date_gmt":"2026-03-24T12:46:44","guid":{"rendered":"https:\/\/jr1.com.br\/shopping\/2026\/03\/24\/guarda-roupa-infantil-2-portas-1-porta-ripada-samambaia-teen-cabecasa-madeiramadeira-freijo\/"},"modified":"2026-03-24T12:46:44","modified_gmt":"2026-03-24T12:46:44","slug":"guarda-roupa-infantil-2-portas-1-porta-ripada-samambaia-teen-cabecasa-madeiramadeira-freijo","status":"publish","type":"post","link":"https:\/\/jr1.com.br\/shopping\/2026\/03\/24\/guarda-roupa-infantil-2-portas-1-porta-ripada-samambaia-teen-cabecasa-madeiramadeira-freijo\/","title":{"rendered":"Guarda Roupa Infantil 2 Portas 1 Porta Ripada Samambaia Teen CabeCasa MadeiraMadeira Freij\u00f3"},"content":{"rendered":"<h2><\/h2>\n<h3>O pre\u00e7o de Guarda Roupa Infantil 2 Portas 1 Porta Ripada Samambaia Teen CabeCasa MadeiraMadeira Freij\u00f3 no dia acima especificado era de <strong>R$ 2818.68<\/strong>.<\/h3>\n<p>Confira o pre\u00e7o atual aqui: <a href=\"https:\/\/www.awin1.com\/pclick.php?p=38605496362&#038;a=690303&#038;m=100453\" rel=\"noopener sponsored\"><img decoding=\"async\" src=\"https:\/\/ui.awin.com\/images\/upload\/merchant\/profile\/100453.png\" alt=\"Guarda Roupa Infantil 2 Portas 1 Porta Ripada Samambaia Teen CabeCasa MadeiraMadeira Freij\u00f3\" \/> &#8211; nas lojas Casa Tema BR<\/a><\/p>\n<p><img decoding=\"async\" src=\"https:\/\/casatema.vteximg.com.br\/arquivos\/ids\/893608_2\" alt=\"Guarda Roupa Infantil 2 Portas 1 Porta Ripada Samambaia Teen CabeCasa MadeiraMadeira Freij\u00f3\" \/><br \/>\nGuarda Roupa Infantil 2 Portas 1 Porta Ripada Samambaia Teen CabeCasa MadeiraMadeira Freij\u00f3Guarda Roupa Infantil 2 Portas 1 Porta Ripada Samambaia Teen CabeCasa MadeiraMadeira Freij\u00f3. Um quarto moderno precisar\u00e1 de um m\u00f3vel diferenciado, o Guarda Roupas 2 portas de correr Samambaia Teen traz a combina\u00e7\u00e3o perfeita, com \u00f3tima disposi\u00e7\u00e3o interna e modernidade, esse m\u00f3vel faz parte de uma linha de produtos que est\u00e1 dispon\u00edvel no mercado, sendo assim uma linha completa para formar seu ambiente e para total conforto, modernidade e durabilidade, o arm\u00e1rio possui 2 portas de correr, com op\u00e7\u00f5es com e sem espelho, a porta conta com detalhes ripado em MDF que \u00e9 uma tend\u00eancia, tornando o m\u00f3vel moderno, ele \u00e9 confeccionado em MDP de 15mm e MDF para maior resist\u00eancia, possui v\u00e1rias reparti\u00e7\u00f5es para armazenar roupas e objetos, molduras nas portas em MDF 25 mm. Materiais de primeira qualidade que respeitam o meio ambiente.Caracter\u00edsticas:Possui Prateleiras: SimTipo de Puxador da Gaveta: N\u00e3o PossuiPossui Calceiros: N\u00e3oAmbiente Principal: Quarto InfantilCor Predominante: MarromPossui P\u00e9s: Rodap\u00e9Acabamento da Prateleira: Pintura UVQuantidade de Prateleiras: 06 PrateleirasGaveta com Chave: N\u00e3oEscala de Brilho da Gaveta: FoscoGarantia: 24 mesesTipo de Porta: CorrerOrigem do Produto: NacionalMaterial da Gaveta: MDF\/MDPMaterial da Prateleira: MDPMaterial do Puxador da Porta: MDFmodular: N\u00e3oAcabamento da Gaveta: Pintura UVAltura dos P\u00e9s: 10Escala de Brilho da Porta: FoscoMaterial dos P\u00e9s: MDPEscala de Brilho da Prateleira: FoscoLinha ou Cole\u00e7\u00e3o: SamambaiaCor Interna: Freij\u00f3Necessita Montagem: SimEstilo: ModernoComplexidade da Montagem: Alta: deve ser montado por um montador especializadoPossui Portas: SimTipo de Fixa\u00e7\u00e3o do Espelho: Fita Dupla FaceTipo de Gaveta: InternaMaterial da Porta: MDF\/MDPPossui Cabideiros: 02Possui Espelho: N\u00e3oFormato do Espelho: RetangularPeso: 153,75 kgMaterial Principal: MDPTipo de Guarda-Roupa: InfantilTipo de Puxador da Porta: ExternoTipo de Corredi\u00e7a da Gaveta: Met\u00e1lica Telesc\u00f3picaEscala de Brilho: FoscoTipo de Dobradi\u00e7a\/Corredi\u00e7a da Porta: Alum\u00ednioAcabamento dos P\u00e9s: PinturaQuantidade de Gavetas: 03 GavetasAcabamento da Porta: Pintura Texturizada UVFita Integrada: SimCor do Produto: Freij\u00f3Recomenda\u00e7\u00f5es de Uso, Manuten\u00e7\u00e3o e Limpeza: A limpeza deve ser efetuada somente com um pano macio e seco. N\u00e3o utilizar produtos abrasivos ou similares.Itens Inclusos: 1 Guarda-Roupas, Manual de Montagem e Kit FerragensCor: Freij\u00f3Peso M\u00e1ximo por Gaveta: 5,5 kgPeso M\u00e1ximo por Prateleira: 12 kgLargura do Espelho: 73 cmEspessura do Espelho: 3 mmProfundidade: 58 cmAltura do Espelho: 137,4 cmLargura: 163 cmAltura M\u00e1xima dos P\u00e9s: 10.0000Altura: 235 cmSistema de Montagem: Parafuso e CavilhaPossui Organizador de Gaveta: N\u00e3oSapatas Niveladoras: N\u00e3oProduto Montado: Sim<\/p>\n<h4>Aproveite e pesquise o pre\u00e7o deste produto em dezenas de lojas dos marketplaces abaixo:<\/h4>\n<p><a href=\"https:\/\/www.magazinevoce.com.br\/magazineezu\/busca\/Guarda Roupa Infantil 2 Portas 1 Porta Ripada Samambaia Teen CabeCasa MadeiraMadeira Freij\u00f3\/\" target=\"_blank\" rel=\"noopener\"><img decoding=\"async\" src=\"https:\/\/mvc.mlcdn.com.br\/ad\/2503_superofertas.png\" alt=\"Pesquise no Magazine eZu\" \/> &#8211; da Parceria MAGALU<\/a>.<\/p>\n<p>Ainda n\u00e3o encontrou a melhor op\u00e7\u00e3o de compra? Oferecemos mais uma possibilidade de <strong>busca<\/strong> mais ampla para <a href=\"https:\/\/ecompare.com.br\/lojas\/resultados-da-pesquisa\/?q=Guarda Roupa Infantil 2 Portas 1 Porta Ripada Samambaia Teen CabeCasa MadeiraMadeira Freij\u00f3#gsc.tab=0&amp;gsc.q=Guarda Roupa Infantil 2 Portas 1 Porta Ripada Samambaia Teen CabeCasa MadeiraMadeira Freij\u00f3&amp;gsc.page=1\" target=\"_blank\" rel=\"noopener\">Guarda Roupa Infantil 2 Portas 1 Porta Ripada Samambaia Teen CabeCasa MadeiraMadeira Freij\u00f3, clique e continue <strong>pesquisando&#8230;<\/strong><\/a><\/p>\n<hr \/>\n","protected":false},"excerpt":{"rendered":"<p>R$ 2818.68 nas lojas <a href=\"https:\/\/www.awin1.com\/pclick.php?p=38605496362&#038;a=690303&#038;m=100453\" target=\"_blank\" rel=\"sponsored\">Casa Tema BR<\/a><\/p>\n","protected":false},"author":1,"featured_media":0,"comment_status":"closed","ping_status":"closed","sticky":false,"template":"","format":"standard","meta":{"footnotes":""},"categories":[2],"tags":[1638,21],"class_list":["post-78222","post","type-post","status-publish","format-standard","hentry","category-produtos","tag-2818-68","tag-casa-tema-br"],"_links":{"self":[{"href":"https:\/\/jr1.com.br\/shopping\/wp-json\/wp\/v2\/posts\/78222","targetHints":{"allow":["GET"]}}],"collection":[{"href":"https:\/\/jr1.com.br\/shopping\/wp-json\/wp\/v2\/posts"}],"about":[{"href":"https:\/\/jr1.com.br\/shopping\/wp-json\/wp\/v2\/types\/post"}],"author":[{"embeddable":true,"href":"https:\/\/jr1.com.br\/shopping\/wp-json\/wp\/v2\/users\/1"}],"replies":[{"embeddable":true,"href":"https:\/\/jr1.com.br\/shopping\/wp-json\/wp\/v2\/comments?post=78222"}],"version-history":[{"count":0,"href":"https:\/\/jr1.com.br\/shopping\/wp-json\/wp\/v2\/posts\/78222\/revisions"}],"wp:attachment":[{"href":"https:\/\/jr1.com.br\/shopping\/wp-json\/wp\/v2\/media?parent=78222"}],"wp:term":[{"taxonomy":"category","embeddable":true,"href":"https:\/\/jr1.com.br\/shopping\/wp-json\/wp\/v2\/categories?post=78222"},{"taxonomy":"post_tag","embeddable":true,"href":"https:\/\/jr1.com.br\/shopping\/wp-json\/wp\/v2\/tags?post=78222"}],"curies":[{"name":"wp","href":"https:\/\/api.w.org\/{rel}","templated":true}]}}