{"id":78264,"date":"2026-03-01T14:40:17","date_gmt":"2026-03-01T14:40:17","guid":{"rendered":"https:\/\/jr1.com.br\/shopping\/2026\/03\/01\/berco-l-2-em-1-padrao-americano-mdf-branco\/"},"modified":"2026-03-01T14:40:17","modified_gmt":"2026-03-01T14:40:17","slug":"berco-l-2-em-1-padrao-americano-mdf-branco","status":"publish","type":"post","link":"https:\/\/jr1.com.br\/shopping\/2026\/03\/01\/berco-l-2-em-1-padrao-americano-mdf-branco\/","title":{"rendered":"Ber\u00e7o L 2 em 1 Padr\u00e3o Americano Mdf Branco"},"content":{"rendered":"<h2><\/h2>\n<h3>O pre\u00e7o de Ber\u00e7o L 2 em 1 Padr\u00e3o Americano Mdf Branco no dia acima especificado era de <strong>R$ 1289.74<\/strong>.<\/h3>\n<p>Confira o pre\u00e7o atual aqui: <a href=\"https:\/\/www.awin1.com\/pclick.php?p=38605496452&#038;a=690303&#038;m=100453\" rel=\"noopener sponsored\"><img decoding=\"async\" src=\"https:\/\/ui.awin.com\/images\/upload\/merchant\/profile\/100453.png\" alt=\"Ber\u00e7o L 2 em 1 Padr\u00e3o Americano Mdf Branco\" \/> &#8211; nas lojas Casa Tema BR<\/a><\/p>\n<p><img decoding=\"async\" src=\"https:\/\/casatema.vteximg.com.br\/arquivos\/ids\/895116_2\" alt=\"Ber\u00e7o L 2 em 1 Padr\u00e3o Americano Mdf Branco\" \/><br \/>\nBer\u00e7o L 2 em 1 Padr\u00e3o Americano Mdf BrancoBer\u00e7o L 2 em 1 Padr\u00e3o Americano Mdf Branco. Ber\u00e7o L, a escolha ideal para o conforto e seguran\u00e7a do seu beb\u00ea. Este ber\u00e7o padr\u00e3o americano em branco oferece um design moderno e elegante, complementado por p\u00e9s em madeira maci\u00e7a pintados de branco. Com tr\u00eas regulagens de estrado, adapta-se ao crescimento do seu filho, transformando-se em uma mini cama quando necess\u00e1rio. Cada detalhe \u00e9 cuidadosamente pensado para oferecer a m\u00e1xima qualidade que seu beb\u00ea merece, garantindo noites tranquilas e dias repletos de alegria. Escolha o Ber\u00e7o L e proporcione ao seu beb\u00ea um come\u00e7o de vida confort\u00e1vel e cheio de estilo.Caracter\u00edsticas:Altura dos P\u00e9s: 10.3Sistema Anti-Refluxo: N\u00e3oPossui Rod\u00edzio: N\u00e3oProfundidade: 75.2Sistema de Montagem: ParafusosOrigem do Produto: NacionalGarantia: 03 mesesAcabamento: LacaAmbiente Principal: Quarto de Beb\u00eaAltura: 85.40000000000001Estilo: ModernoPossui Portas: N\u00e3oLinha ou Cole\u00e7\u00e3o: LPossui P\u00e9s: 04Acompanha Cama Auxiliar: N\u00e3oMaterial dos P\u00e9s: Madeira Maci\u00e7aPermite a Utiliza\u00e7\u00e3o de Cama Auxiliar: N\u00e3oCor Predominante: BrancoItens Inclusos: 1 Ber\u00e7o, Kit Ferragens e Manual de MontagemAcompanha Colch\u00e3o: N\u00e3oTamanho do Colch\u00e3o Indicado (L x C): 130x70x12Material Principal: MDFEstrado com Regulagem de Altura: SimPeso: 42Op\u00e7\u00f5es de Altura do Estrado: 185mm| 392mm |520mmLargura: 136Estrado Regul\u00e1vel em Quantas Posi\u00e7\u00f5es: 03Necessita Montagem: SimAltura do Estrado at\u00e9 o Ch\u00e3o: 18.5Complexidade da Montagem: Baixa: pode ser montado por uma pessoa sozinhaMaterial do Estrado: mdfPossui Prateleiras: N\u00e3oTipo de Estrado: Remov\u00edvelPintura At\u00f3xica: SimMultifun\u00e7\u00e3o Flex: N\u00e3oSapatas Niveladoras: N\u00e3oPossui Gavetas: N\u00e3oAcabamento dos P\u00e9s: VernizAcompanha M\u00f3bile: N\u00e3oTipo de Madeira Maci\u00e7a dos P\u00e9s: PinusAcompanha Dossel: N\u00e3oEscala de Brilho: FoscoCertificado: 177.002\/24Cor do Produto: BrancoAcompanha Suporte para Mosquiteiro: N\u00e3oMaterial da Grade: MDFTipo de Grade: FixaSuporta At\u00e9 (kg): 40Informa\u00e7\u00f5es Complementares: transforma em mini camaPort\u00e1til: N\u00e3oRecomenda\u00e7\u00f5es de Uso, Manuten\u00e7\u00e3o e Limpeza: Na limpeza n\u00e3o utilizar produtos qu\u00edmicos e abrasivos, usar apenas com pano umedecidoCor: Branco<\/p>\n<h4>Aproveite e pesquise o pre\u00e7o deste produto em dezenas de lojas dos marketplaces abaixo:<\/h4>\n<p><a href=\"https:\/\/www.magazinevoce.com.br\/magazineezu\/busca\/Ber\u00e7o L 2 em 1 Padr\u00e3o Americano Mdf Branco\/\" target=\"_blank\" rel=\"noopener\"><img decoding=\"async\" src=\"https:\/\/mvc.mlcdn.com.br\/ad\/2503_superofertas.png\" alt=\"Pesquise no Magazine eZu\" \/> &#8211; da Parceria MAGALU<\/a>.<\/p>\n<p>Ainda n\u00e3o encontrou a melhor op\u00e7\u00e3o de compra? Oferecemos mais uma possibilidade de <strong>busca<\/strong> mais ampla para <a href=\"https:\/\/ecompare.com.br\/lojas\/resultados-da-pesquisa\/?q=Ber\u00e7o L 2 em 1 Padr\u00e3o Americano Mdf Branco#gsc.tab=0&amp;gsc.q=Ber\u00e7o L 2 em 1 Padr\u00e3o Americano Mdf Branco&amp;gsc.page=1\" target=\"_blank\" rel=\"noopener\">Ber\u00e7o L 2 em 1 Padr\u00e3o Americano Mdf Branco, clique e continue <strong>pesquisando&#8230;<\/strong><\/a><\/p>\n<hr \/>\n","protected":false},"excerpt":{"rendered":"<p>R$ 1289.74 nas lojas <a href=\"https:\/\/www.awin1.com\/pclick.php?p=38605496452&#038;a=690303&#038;m=100453\" target=\"_blank\" rel=\"sponsored\">Casa Tema BR<\/a><\/p>\n","protected":false},"author":1,"featured_media":0,"comment_status":"closed","ping_status":"closed","sticky":false,"template":"","format":"standard","meta":{"footnotes":""},"categories":[2],"tags":[1651,21],"class_list":["post-78264","post","type-post","status-publish","format-standard","hentry","category-produtos","tag-1289-74","tag-casa-tema-br"],"_links":{"self":[{"href":"https:\/\/jr1.com.br\/shopping\/wp-json\/wp\/v2\/posts\/78264","targetHints":{"allow":["GET"]}}],"collection":[{"href":"https:\/\/jr1.com.br\/shopping\/wp-json\/wp\/v2\/posts"}],"about":[{"href":"https:\/\/jr1.com.br\/shopping\/wp-json\/wp\/v2\/types\/post"}],"author":[{"embeddable":true,"href":"https:\/\/jr1.com.br\/shopping\/wp-json\/wp\/v2\/users\/1"}],"replies":[{"embeddable":true,"href":"https:\/\/jr1.com.br\/shopping\/wp-json\/wp\/v2\/comments?post=78264"}],"version-history":[{"count":0,"href":"https:\/\/jr1.com.br\/shopping\/wp-json\/wp\/v2\/posts\/78264\/revisions"}],"wp:attachment":[{"href":"https:\/\/jr1.com.br\/shopping\/wp-json\/wp\/v2\/media?parent=78264"}],"wp:term":[{"taxonomy":"category","embeddable":true,"href":"https:\/\/jr1.com.br\/shopping\/wp-json\/wp\/v2\/categories?post=78264"},{"taxonomy":"post_tag","embeddable":true,"href":"https:\/\/jr1.com.br\/shopping\/wp-json\/wp\/v2\/tags?post=78264"}],"curies":[{"name":"wp","href":"https:\/\/api.w.org\/{rel}","templated":true}]}}