{"id":78335,"date":"2026-03-19T07:07:38","date_gmt":"2026-03-19T07:07:38","guid":{"rendered":"https:\/\/jr1.com.br\/shopping\/2026\/03\/19\/berco-infantil-2-em-1-mdf-madeira-macica-cubo-branco\/"},"modified":"2026-03-19T07:07:38","modified_gmt":"2026-03-19T07:07:38","slug":"berco-infantil-2-em-1-mdf-madeira-macica-cubo-branco","status":"publish","type":"post","link":"https:\/\/jr1.com.br\/shopping\/2026\/03\/19\/berco-infantil-2-em-1-mdf-madeira-macica-cubo-branco\/","title":{"rendered":"Ber\u00e7o Infantil 2 em 1 Mdf\/madeira Maci\u00e7a Cubo Branco"},"content":{"rendered":"<h2><\/h2>\n<h3>O pre\u00e7o de Ber\u00e7o Infantil 2 em 1 Mdf\/madeira Maci\u00e7a Cubo Branco no dia acima especificado era de <strong>R$ 1409.04<\/strong>.<\/h3>\n<p>Confira o pre\u00e7o atual aqui: <a href=\"https:\/\/www.awin1.com\/pclick.php?p=38605496657&#038;a=690303&#038;m=100453\" rel=\"noopener sponsored\"><img decoding=\"async\" src=\"https:\/\/ui.awin.com\/images\/upload\/merchant\/profile\/100453.png\" alt=\"Ber\u00e7o Infantil 2 em 1 Mdf\/madeira Maci\u00e7a Cubo Branco\" \/> &#8211; nas lojas Casa Tema BR<\/a><\/p>\n<p><img decoding=\"async\" src=\"https:\/\/casatema.vteximg.com.br\/arquivos\/ids\/897353_2\" alt=\"Ber\u00e7o Infantil 2 em 1 Mdf\/madeira Maci\u00e7a Cubo Branco\" \/><br \/>\nBer\u00e7o Infantil 2 em 1 Mdf\/madeira Maci\u00e7a Cubo BrancoBer\u00e7o Infantil 2 em 1 Mdf\/madeira Maci\u00e7a Cubo Branco. Como escolher o primeiro ber\u00e7inho ? Encontre no ber\u00e7o cubo o visual do estilo moderno, a seguran\u00e7a em poder regular o estrado em 3 alturas, a versatilidade em usar por mais tempo, pois acompanha a mini grade para transformar em mini cama. O lan\u00e7amento ber\u00e7o cubo disp\u00f5e das cores branco e areia, pintura at\u00f3xica, excelente qualidade em seu material. Conhe\u00e7a o mais novo ber\u00e7o da Divicar M\u00f3veis! .Fabricado em MDF e p\u00e9s em madeira maci\u00e7a .Acabamento laqueado em processo de pintura UV .Pintura at\u00f3xica .Grades Laterais Com Talinhas Arredondadas .3 regulagens de altura para o estrado .Transforma em mini camaCaracter\u00edsticas:Estrado com Regulagem de Altura: SimMaterial do Estrado: MDF \/ MADEIRAAcompanha Cama Auxiliar: N\u00e3oSuporta At\u00e9 (kg): 36Material Principal: MDFTipo de Estrado: Remov\u00edvelAcompanha M\u00f3bile: N\u00e3oPermite a Utiliza\u00e7\u00e3o de Cama Auxiliar: N\u00e3oItens Inclusos: 1 Ber\u00e7o, Kit Ferragens e Manual de MontagemEscala de Brilho: FoscoMaterial dos P\u00e9s: Madeira Maci\u00e7aAmbiente Principal: Quarto de Beb\u00eaNecessita Montagem: SimSistema de Montagem: Parafusos e MinifixOp\u00e7\u00f5es de Altura do Estrado: 1\u00b0 55,6 cm | 2\u00b0 36,4 cm | 3\u00b0 20,4 cmGarantia: 12 mesesAcompanha Suporte para Mosquiteiro: N\u00e3oCor Predominante: BrancoPeso: 42.5Pintura At\u00f3xica: SimAltura: 88.3Material da Grade: MDF \/ MADEIRAEstilo: ModernoOrigem do Produto: NacionalLargura: 135.2Acompanha Colch\u00e3o: N\u00e3oPort\u00e1til: N\u00e3oLinha ou Cole\u00e7\u00e3o: CuboAcabamento: Pintura UVMultifun\u00e7\u00e3o Flex: N\u00e3oCertificado: INMETROPossui Prateleiras: N\u00e3oPossui P\u00e9s: 02Sapatas Niveladoras: N\u00e3oProfundidade: 76,59 cmSistema Anti-Refluxo: N\u00e3oPossui Portas: N\u00e3oComplexidade da Montagem: M\u00e9dia: pode ser montado por mais de uma pessoa e\/ou necessite de maior conhecimento para montagemTipo de Grade: FixaAltura do Estrado at\u00e9 o Ch\u00e3o: 36.4Cor do Produto: BrancoTipo de Madeira Maci\u00e7a dos P\u00e9s: PinusPossui Gavetas: N\u00e3oTamanho do Colch\u00e3o Indicado (L x C): 70x130x12Estrado Regul\u00e1vel em Quantas Posi\u00e7\u00f5es: 03Altura dos P\u00e9s: 12Possui Rod\u00edzio: N\u00e3oRecomenda\u00e7\u00f5es de Uso, Manuten\u00e7\u00e3o e Limpeza: Pano macio levemente umedecido e na sequ\u00eancia pano macio seco.Cor: Branco<\/p>\n<h4>Aproveite e pesquise o pre\u00e7o deste produto em dezenas de lojas dos marketplaces abaixo:<\/h4>\n<p><a href=\"https:\/\/www.magazinevoce.com.br\/magazineezu\/busca\/Ber\u00e7o Infantil 2 em 1 Mdf\/madeira Maci\u00e7a Cubo Branco\/\" target=\"_blank\" rel=\"noopener\"><img decoding=\"async\" src=\"https:\/\/mvc.mlcdn.com.br\/ad\/2503_superofertas.png\" alt=\"Pesquise no Magazine eZu\" \/> &#8211; da Parceria MAGALU<\/a>.<\/p>\n<p>Ainda n\u00e3o encontrou a melhor op\u00e7\u00e3o de compra? Oferecemos mais uma possibilidade de <strong>busca<\/strong> mais ampla para <a href=\"https:\/\/ecompare.com.br\/lojas\/resultados-da-pesquisa\/?q=Ber\u00e7o Infantil 2 em 1 Mdf\/madeira Maci\u00e7a Cubo Branco#gsc.tab=0&amp;gsc.q=Ber\u00e7o Infantil 2 em 1 Mdf\/madeira Maci\u00e7a Cubo Branco&amp;gsc.page=1\" target=\"_blank\" rel=\"noopener\">Ber\u00e7o Infantil 2 em 1 Mdf\/madeira Maci\u00e7a Cubo Branco, clique e continue <strong>pesquisando&#8230;<\/strong><\/a><\/p>\n<hr \/>\n","protected":false},"excerpt":{"rendered":"<p>R$ 1409.04 nas lojas <a href=\"https:\/\/www.awin1.com\/pclick.php?p=38605496657&#038;a=690303&#038;m=100453\" target=\"_blank\" rel=\"sponsored\">Casa Tema BR<\/a><\/p>\n","protected":false},"author":1,"featured_media":0,"comment_status":"closed","ping_status":"closed","sticky":false,"template":"","format":"standard","meta":{"footnotes":""},"categories":[2],"tags":[479,21],"class_list":["post-78335","post","type-post","status-publish","format-standard","hentry","category-produtos","tag-1409-04","tag-casa-tema-br"],"_links":{"self":[{"href":"https:\/\/jr1.com.br\/shopping\/wp-json\/wp\/v2\/posts\/78335","targetHints":{"allow":["GET"]}}],"collection":[{"href":"https:\/\/jr1.com.br\/shopping\/wp-json\/wp\/v2\/posts"}],"about":[{"href":"https:\/\/jr1.com.br\/shopping\/wp-json\/wp\/v2\/types\/post"}],"author":[{"embeddable":true,"href":"https:\/\/jr1.com.br\/shopping\/wp-json\/wp\/v2\/users\/1"}],"replies":[{"embeddable":true,"href":"https:\/\/jr1.com.br\/shopping\/wp-json\/wp\/v2\/comments?post=78335"}],"version-history":[{"count":0,"href":"https:\/\/jr1.com.br\/shopping\/wp-json\/wp\/v2\/posts\/78335\/revisions"}],"wp:attachment":[{"href":"https:\/\/jr1.com.br\/shopping\/wp-json\/wp\/v2\/media?parent=78335"}],"wp:term":[{"taxonomy":"category","embeddable":true,"href":"https:\/\/jr1.com.br\/shopping\/wp-json\/wp\/v2\/categories?post=78335"},{"taxonomy":"post_tag","embeddable":true,"href":"https:\/\/jr1.com.br\/shopping\/wp-json\/wp\/v2\/tags?post=78335"}],"curies":[{"name":"wp","href":"https:\/\/api.w.org\/{rel}","templated":true}]}}