{"id":78341,"date":"2026-03-11T14:27:08","date_gmt":"2026-03-11T14:27:08","guid":{"rendered":"https:\/\/jr1.com.br\/shopping\/2026\/03\/11\/berco-mini-cama-2-em-1-atenna-mundo-wee-areia\/"},"modified":"2026-03-11T14:27:08","modified_gmt":"2026-03-11T14:27:08","slug":"berco-mini-cama-2-em-1-atenna-mundo-wee-areia","status":"publish","type":"post","link":"https:\/\/jr1.com.br\/shopping\/2026\/03\/11\/berco-mini-cama-2-em-1-atenna-mundo-wee-areia\/","title":{"rendered":"Ber\u00e7o Mini Cama 2 em 1 Atenna Mundo Wee Areia"},"content":{"rendered":"<h2><\/h2>\n<h3>O pre\u00e7o de Ber\u00e7o Mini Cama 2 em 1 Atenna Mundo Wee Areia no dia acima especificado era de <strong>R$ 1357.99<\/strong>.<\/h3>\n<p>Confira o pre\u00e7o atual aqui: <a href=\"https:\/\/www.awin1.com\/pclick.php?p=38605496538&#038;a=690303&#038;m=100453\" rel=\"noopener sponsored\"><img decoding=\"async\" src=\"https:\/\/ui.awin.com\/images\/upload\/merchant\/profile\/100453.png\" alt=\"Ber\u00e7o Mini Cama 2 em 1 Atenna Mundo Wee Areia\" \/> &#8211; nas lojas Casa Tema BR<\/a><\/p>\n<p><img decoding=\"async\" src=\"https:\/\/casatema.vteximg.com.br\/arquivos\/ids\/896181_2\" alt=\"Ber\u00e7o Mini Cama 2 em 1 Atenna Mundo Wee Areia\" \/><br \/>\nBer\u00e7o Mini Cama 2 em 1 Atenna Mundo Wee AreiaBer\u00e7o Mini Cama 2 em 1 Atenna Mundo Wee Areia. O Ber\u00e7o Mini Cama 2 em 1 Atenna \u00e9 composto por cabeceiras fechadas, grades em MDF e detalhes em madeira nos p\u00e9s. Al\u00e9m disso o ber\u00e7o se transforma facilmente em uma mini cama, acompanhando o desenvolvimento do beb\u00ea. Produto em MDF e Madeira Maci\u00e7a; Pintura at\u00f3xica; Quatro niveis de altura; Acompanha grade de apoio para transformar em mini cama. REGISTRO INMETRO : N\u00b0006420\/2019Caracter\u00edsticas:Multifun\u00e7\u00e3o Flex: n\u00e3oMaterial do Estrado: MDFMaterial dos P\u00e9s: Madeira Maci\u00e7aAcompanha Colch\u00e3o: N\u00e3oTamanho do Colch\u00e3o Indicado (L x C): 60x130Pintura At\u00f3xica: SimOp\u00e7\u00f5es de Altura do Estrado: 60 50 40 30Tipo de Madeira Maci\u00e7a dos P\u00e9s: EucaliptoItens Inclusos: 1 Ber\u00e7o, Kit Ferragens e Manual de MontagemAcompanha M\u00f3bile: N\u00e3oSuporta At\u00e9 (kg): 45Linha ou Cole\u00e7\u00e3o: AtennaPossui Prateleiras: N\u00e3oSistema de Montagem: Parafusos, cavilhas, cantoneiras, buchas e p\u00e9sGarantia: 03 mesesComplexidade da Montagem: M\u00e9dia: pode ser montado por mais de uma pessoa e\/ou necessite de maior conhecimento para montagemEstrado com Regulagem de Altura: SimAcompanha Suporte para Mosquiteiro: N\u00e3oEstrado Regul\u00e1vel em Quantas Posi\u00e7\u00f5es: 04Peso: 66Altura: 93Estilo: ModernoMaterial da Grade: MDFLargura: 139Origem do Produto: NacionalPort\u00e1til: N\u00e3oAcabamento: PUAmbiente Principal: Quarto InfantilCertificado: simMaterial Principal: MDFPossui P\u00e9s: 04Necessita Montagem: SimProfundidade: 79Acabamento dos P\u00e9s: VernizPossui Portas: N\u00e3oSapatas Niveladoras: N\u00e3oTipo de Grade: FixaSistema Anti-Refluxo: N\u00e3oCor do Produto: AreiaAcompanha Cama Auxiliar: N\u00e3oPossui Gavetas: N\u00e3oInforma\u00e7\u00f5es Complementares: Em repousoAltura do Estrado at\u00e9 o Ch\u00e3o: 60Altura dos P\u00e9s: 9.5Possui Rod\u00edzio: N\u00e3oTipo de Estrado: Remov\u00edvelEspa\u00e7o Entre as Barras das Grades: 6.5Acompanha Dossel: N\u00e3oPermite a Utiliza\u00e7\u00e3o de Cama Auxiliar: N\u00e3oCor Predominante: BegeEscala de Brilho: Semi-FoscoRecomenda\u00e7\u00f5es de Uso, Manuten\u00e7\u00e3o e Limpeza: Utilize um pano de algod\u00e3o macio e \u00famido; N\u00e3o utilize palha de a\u00e7o, ou qualquer produto de limpeza, como \u00e1lcool, solventes, objetos cortantes ou abrasivos.Cor: Areia<\/p>\n<h4>Aproveite e pesquise o pre\u00e7o deste produto em dezenas de lojas dos marketplaces abaixo:<\/h4>\n<p><a href=\"https:\/\/www.magazinevoce.com.br\/magazineezu\/busca\/Ber\u00e7o Mini Cama 2 em 1 Atenna Mundo Wee Areia\/\" target=\"_blank\" rel=\"noopener\"><img decoding=\"async\" src=\"https:\/\/mvc.mlcdn.com.br\/ad\/2503_superofertas.png\" alt=\"Pesquise no Magazine eZu\" \/> &#8211; da Parceria MAGALU<\/a>.<\/p>\n<p>Ainda n\u00e3o encontrou a melhor op\u00e7\u00e3o de compra? Oferecemos mais uma possibilidade de <strong>busca<\/strong> mais ampla para <a href=\"https:\/\/ecompare.com.br\/lojas\/resultados-da-pesquisa\/?q=Ber\u00e7o Mini Cama 2 em 1 Atenna Mundo Wee Areia#gsc.tab=0&amp;gsc.q=Ber\u00e7o Mini Cama 2 em 1 Atenna Mundo Wee Areia&amp;gsc.page=1\" target=\"_blank\" rel=\"noopener\">Ber\u00e7o Mini Cama 2 em 1 Atenna Mundo Wee Areia, clique e continue <strong>pesquisando&#8230;<\/strong><\/a><\/p>\n<hr \/>\n","protected":false},"excerpt":{"rendered":"<p>R$ 1357.99 nas lojas <a href=\"https:\/\/www.awin1.com\/pclick.php?p=38605496538&#038;a=690303&#038;m=100453\" target=\"_blank\" rel=\"sponsored\">Casa Tema BR<\/a><\/p>\n","protected":false},"author":1,"featured_media":0,"comment_status":"closed","ping_status":"closed","sticky":false,"template":"","format":"standard","meta":{"footnotes":""},"categories":[2],"tags":[466,21],"class_list":["post-78341","post","type-post","status-publish","format-standard","hentry","category-produtos","tag-1357-99","tag-casa-tema-br"],"_links":{"self":[{"href":"https:\/\/jr1.com.br\/shopping\/wp-json\/wp\/v2\/posts\/78341","targetHints":{"allow":["GET"]}}],"collection":[{"href":"https:\/\/jr1.com.br\/shopping\/wp-json\/wp\/v2\/posts"}],"about":[{"href":"https:\/\/jr1.com.br\/shopping\/wp-json\/wp\/v2\/types\/post"}],"author":[{"embeddable":true,"href":"https:\/\/jr1.com.br\/shopping\/wp-json\/wp\/v2\/users\/1"}],"replies":[{"embeddable":true,"href":"https:\/\/jr1.com.br\/shopping\/wp-json\/wp\/v2\/comments?post=78341"}],"version-history":[{"count":0,"href":"https:\/\/jr1.com.br\/shopping\/wp-json\/wp\/v2\/posts\/78341\/revisions"}],"wp:attachment":[{"href":"https:\/\/jr1.com.br\/shopping\/wp-json\/wp\/v2\/media?parent=78341"}],"wp:term":[{"taxonomy":"category","embeddable":true,"href":"https:\/\/jr1.com.br\/shopping\/wp-json\/wp\/v2\/categories?post=78341"},{"taxonomy":"post_tag","embeddable":true,"href":"https:\/\/jr1.com.br\/shopping\/wp-json\/wp\/v2\/tags?post=78341"}],"curies":[{"name":"wp","href":"https:\/\/api.w.org\/{rel}","templated":true}]}}