{"id":78351,"date":"2026-03-21T12:11:32","date_gmt":"2026-03-21T12:11:32","guid":{"rendered":"https:\/\/jr1.com.br\/shopping\/2026\/03\/21\/cama-auxiliar-em-mdf-para-cama-infantil-casatema-branco\/"},"modified":"2026-03-21T12:11:32","modified_gmt":"2026-03-21T12:11:32","slug":"cama-auxiliar-em-mdf-para-cama-infantil-casatema-branco","status":"publish","type":"post","link":"https:\/\/jr1.com.br\/shopping\/2026\/03\/21\/cama-auxiliar-em-mdf-para-cama-infantil-casatema-branco\/","title":{"rendered":"Cama Auxiliar em Mdf para Cama Infantil Casatema Branco"},"content":{"rendered":"<h2><\/h2>\n<h3>O pre\u00e7o de Cama Auxiliar em Mdf para Cama Infantil Casatema Branco no dia acima especificado era de <strong>R$ 344.87<\/strong>.<\/h3>\n<p>Confira o pre\u00e7o atual aqui: <a href=\"https:\/\/www.awin1.com\/pclick.php?p=38605496584&#038;a=690303&#038;m=100453\" rel=\"noopener sponsored\"><img decoding=\"async\" src=\"https:\/\/ui.awin.com\/images\/upload\/merchant\/profile\/100453.png\" alt=\"Cama Auxiliar em Mdf para Cama Infantil Casatema Branco\" \/> &#8211; nas lojas Casa Tema BR<\/a><\/p>\n<p><img decoding=\"async\" src=\"https:\/\/casatema.vteximg.com.br\/arquivos\/ids\/896792_2\" alt=\"Cama Auxiliar em Mdf para Cama Infantil Casatema Branco\" \/><br \/>\nCama Auxiliar em Mdf para Cama Infantil Casatema BrancoCama Auxiliar em Mdf para Cama Infantil Casatema Branco. A Cama Auxiliar Casatema foi desenvolvida para otimizar a utiliza\u00e7\u00e3o do espa\u00e7o do quarto. Estrutura em MDF com pintura predominante em poli\u00e9ster (sistema de pintura UV), proporcionando prote\u00e7\u00e3o e acabamento no produto, al[em de ser um sistema de pintura at\u00f3xico. Sua estrutura permite suportar peso de at\u00e9 90kg distribu\u00eddos. Colch\u00e3o indicado para uso no tamanho padr\u00e3o solteiro de 1,88mx78cm.Caracter\u00edsticas:Estilo: ModernoSuporta At\u00e9 (kg): 90 kgPossui Escrivaninha: N\u00e3oComplexidade da Montagem: Alta: deve ser montado por um montador especializadoAcompanha Colch\u00e3o: N\u00e3oNecessita Montagem: SimTipo de Colch\u00e3o: SolteiroLinha ou Cole\u00e7\u00e3o: CasatemaAcompanha Cabeceira: N\u00e3oSistema de Montagem: ParafusosPermite a Utiliza\u00e7\u00e3o de Cama Auxiliar: N\u00e3oAltura: 25,9 cmAltura do Estrado at\u00e9 o Ch\u00e3o: 5 cmGarantia: 06 mesesItens Inclusos: 1 Cama, Kit Ferragens, Manual de MontagemEscala de Brilho: Semi-BrilhoOrigem do Produto: NacionalAmbiente Principal: Quartomodular: N\u00e3oMaterial Principal: MDFAcabamento: Poli\u00e9sterPossui Prateleiras: N\u00e3oExtens\u00edvel: N\u00e3oMaterial do Estrado: MDFPossui Ba\u00fa: N\u00e3oPossui ilumina\u00e7\u00e3o: N\u00e3oPossui P\u00e9s: N\u00e3oAcompanha Cama Auxiliar: N\u00e3oTipo de Cama: AuxiliarInforma\u00e7\u00f5es Complementares: Capacidade de peso para kg informados distribu\u00eddos uniformemente.Possui Portas: N\u00e3oCor do Produto: BrancoPeso: 25 kgPossui Gavetas: N\u00e3oLargura: 187 cmProfundidade: 81 cmTamanho da Cama: SolteiroTipo de Estrado: FixoTamanho do Colch\u00e3o Indicado (L x C): 1,88&#215;0,78Cor Predominante: BrancoRecomenda\u00e7\u00f5es de Uso, Manuten\u00e7\u00e3o e Limpeza: Na limpeza n\u00e3o dever\u00e3o ser usados produtos qu\u00edmicos. Limpar com pano levemente umedecido e depois pano seco.Cor: Branco<\/p>\n<h4>Aproveite e pesquise o pre\u00e7o deste produto em dezenas de lojas dos marketplaces abaixo:<\/h4>\n<p><a href=\"https:\/\/www.magazinevoce.com.br\/magazineezu\/busca\/Cama Auxiliar em Mdf para Cama Infantil Casatema Branco\/\" target=\"_blank\" rel=\"noopener\"><img decoding=\"async\" src=\"https:\/\/mvc.mlcdn.com.br\/ad\/2503_superofertas.png\" alt=\"Pesquise no Magazine eZu\" \/> &#8211; da Parceria MAGALU<\/a>.<\/p>\n<p>Ainda n\u00e3o encontrou a melhor op\u00e7\u00e3o de compra? Oferecemos mais uma possibilidade de <strong>busca<\/strong> mais ampla para <a href=\"https:\/\/ecompare.com.br\/lojas\/resultados-da-pesquisa\/?q=Cama Auxiliar em Mdf para Cama Infantil Casatema Branco#gsc.tab=0&amp;gsc.q=Cama Auxiliar em Mdf para Cama Infantil Casatema Branco&amp;gsc.page=1\" target=\"_blank\" rel=\"noopener\">Cama Auxiliar em Mdf para Cama Infantil Casatema Branco, clique e continue <strong>pesquisando&#8230;<\/strong><\/a><\/p>\n<hr \/>\n","protected":false},"excerpt":{"rendered":"<p>R$ 344.87 nas lojas <a href=\"https:\/\/www.awin1.com\/pclick.php?p=38605496584&#038;a=690303&#038;m=100453\" target=\"_blank\" rel=\"sponsored\">Casa Tema BR<\/a><\/p>\n","protected":false},"author":1,"featured_media":0,"comment_status":"closed","ping_status":"closed","sticky":false,"template":"","format":"standard","meta":{"footnotes":""},"categories":[2],"tags":[524,21],"class_list":["post-78351","post","type-post","status-publish","format-standard","hentry","category-produtos","tag-344-87","tag-casa-tema-br"],"_links":{"self":[{"href":"https:\/\/jr1.com.br\/shopping\/wp-json\/wp\/v2\/posts\/78351","targetHints":{"allow":["GET"]}}],"collection":[{"href":"https:\/\/jr1.com.br\/shopping\/wp-json\/wp\/v2\/posts"}],"about":[{"href":"https:\/\/jr1.com.br\/shopping\/wp-json\/wp\/v2\/types\/post"}],"author":[{"embeddable":true,"href":"https:\/\/jr1.com.br\/shopping\/wp-json\/wp\/v2\/users\/1"}],"replies":[{"embeddable":true,"href":"https:\/\/jr1.com.br\/shopping\/wp-json\/wp\/v2\/comments?post=78351"}],"version-history":[{"count":0,"href":"https:\/\/jr1.com.br\/shopping\/wp-json\/wp\/v2\/posts\/78351\/revisions"}],"wp:attachment":[{"href":"https:\/\/jr1.com.br\/shopping\/wp-json\/wp\/v2\/media?parent=78351"}],"wp:term":[{"taxonomy":"category","embeddable":true,"href":"https:\/\/jr1.com.br\/shopping\/wp-json\/wp\/v2\/categories?post=78351"},{"taxonomy":"post_tag","embeddable":true,"href":"https:\/\/jr1.com.br\/shopping\/wp-json\/wp\/v2\/tags?post=78351"}],"curies":[{"name":"wp","href":"https:\/\/api.w.org\/{rel}","templated":true}]}}