{"id":78433,"date":"2026-03-12T08:01:37","date_gmt":"2026-03-12T08:01:37","guid":{"rendered":"https:\/\/jr1.com.br\/shopping\/2026\/03\/12\/guarda-roupa-infantil-flex-2-portas-2-gavetas-maya-espresso-moveis-branco\/"},"modified":"2026-03-12T08:01:37","modified_gmt":"2026-03-12T08:01:37","slug":"guarda-roupa-infantil-flex-2-portas-2-gavetas-maya-espresso-moveis-branco","status":"publish","type":"post","link":"https:\/\/jr1.com.br\/shopping\/2026\/03\/12\/guarda-roupa-infantil-flex-2-portas-2-gavetas-maya-espresso-moveis-branco\/","title":{"rendered":"Guarda-roupa Infantil Flex 2 Portas 2 Gavetas Maya Espresso M\u00f3veis Branco"},"content":{"rendered":"<h2><\/h2>\n<h3>O pre\u00e7o de Guarda-roupa Infantil Flex 2 Portas 2 Gavetas Maya Espresso M\u00f3veis Branco no dia acima especificado era de <strong>R$ 1021.03<\/strong>.<\/h3>\n<p>Confira o pre\u00e7o atual aqui: <a href=\"https:\/\/www.awin1.com\/pclick.php?p=38605496570&#038;a=690303&#038;m=100453\" rel=\"noopener sponsored\"><img decoding=\"async\" src=\"https:\/\/ui.awin.com\/images\/upload\/merchant\/profile\/100453.png\" alt=\"Guarda-roupa Infantil Flex 2 Portas 2 Gavetas Maya Espresso M\u00f3veis Branco\" \/> &#8211; nas lojas Casa Tema BR<\/a><\/p>\n<p><img decoding=\"async\" src=\"https:\/\/casatema.vteximg.com.br\/arquivos\/ids\/896625_2\" alt=\"Guarda-roupa Infantil Flex 2 Portas 2 Gavetas Maya Espresso M\u00f3veis Branco\" \/><br \/>\nGuarda-roupa Infantil Flex 2 Portas 2 Gavetas Maya Espresso M\u00f3veis BrancoGuarda-roupa Infantil Flex 2 Portas 2 Gavetas Maya Espresso M\u00f3veis Branco. O Guarda Roupa Infantil Maya \u00e9 uma pe\u00e7a de design elegante e funcionalidade excepcional. Constru\u00eddo com materiais de alta qualidade, incluindo laterais, divis\u00f3rias, chap\u00e9us, prateleiras, frente de gavetas, encabe\u00e7amento, rodap\u00e9s e portas em MDP de 12mm, al\u00e9m de fundo do roupeiro e das gavetas em MDF de 3mm que garante estabilidade adicional. Sua pintura UV fosca proporciona um acabamento elegante, enquanto o interior na cor do produto oferece uma est\u00e9tica harmoniosa. Possui molduras em 25mm e montagem flex para as portas, onde voc\u00ea pode escolher a cor em que quer montar a mesma, podendo ser Branco, Verde ou Rosa. Com sua \u00f3tima distribui\u00e7\u00e3o interna, proporciona praticidade sem perder a eleg\u00e2ncia.Caracter\u00edsticas:Possui Calceiros: N\u00e3oEstilo: ModernoGarantia: 03 mesesLinha ou Cole\u00e7\u00e3o: Espresso M\u00f3veisTipo de Guarda-Roupa: InfantilRecomenda\u00e7\u00f5es de Uso, Manuten\u00e7\u00e3o e Limpeza: pano levemente \u00famidoCor Predominante: BrancoPossui Espelho: N\u00e3oPossui P\u00e9s: N\u00e3oPeso M\u00e1ximo por Prateleira: 7 kgTipo de Dobradi\u00e7a\/Corredi\u00e7a da Porta: Alum\u00ednioGaveta com Chave: N\u00e3oItens Inclusos: Roupeiro, portas, Kit ferragens e manual de montagemMaterial da Gaveta: MDPTipo de Corredi\u00e7a da Gaveta: Met\u00e1lica Telesc\u00f3picaPeso M\u00e1ximo por Gaveta: 5 kgTipo de Gaveta: InternaOrigem do Produto: NacionalComplexidade da Montagem: Alta: deve ser montado por um montador especializadoMaterial Principal: MDPTipo de Puxador da Porta: ExternoPeso: 87,75 kgTipo de Porta: CorrerProfundidade: 50 cmMaterial da Porta: MDPLargura: 132 cmProduto Montado: SimAltura: 217 cmMaterial da Prateleira: MDPNecessita Montagem: SimEscala de Brilho: FoscoSistema de Montagem: parafusos, cavilhas e cantoneirasCor do Produto: BrancoCor: BrancoMaterial do Puxador da Porta: ABSEscala de Brilho da Porta: FoscoAcabamento da Porta: Pintura UVPossui Organizador de Gaveta: N\u00e3oAcabamento da Gaveta: Pintura UVPossui Cabideiros: SimEscala de Brilho da Prateleira: FoscoAcabamento da Prateleira: Pintura UV<\/p>\n<h4>Aproveite e pesquise o pre\u00e7o deste produto em dezenas de lojas dos marketplaces abaixo:<\/h4>\n<p><a href=\"https:\/\/www.magazinevoce.com.br\/magazineezu\/busca\/Guarda-roupa Infantil Flex 2 Portas 2 Gavetas Maya Espresso M\u00f3veis Branco\/\" target=\"_blank\" rel=\"noopener\"><img decoding=\"async\" src=\"https:\/\/mvc.mlcdn.com.br\/ad\/2503_superofertas.png\" alt=\"Pesquise no Magazine eZu\" \/> &#8211; da Parceria MAGALU<\/a>.<\/p>\n<p>Ainda n\u00e3o encontrou a melhor op\u00e7\u00e3o de compra? Oferecemos mais uma possibilidade de <strong>busca<\/strong> mais ampla para <a href=\"https:\/\/ecompare.com.br\/lojas\/resultados-da-pesquisa\/?q=Guarda-roupa Infantil Flex 2 Portas 2 Gavetas Maya Espresso M\u00f3veis Branco#gsc.tab=0&amp;gsc.q=Guarda-roupa Infantil Flex 2 Portas 2 Gavetas Maya Espresso M\u00f3veis Branco&amp;gsc.page=1\" target=\"_blank\" rel=\"noopener\">Guarda-roupa Infantil Flex 2 Portas 2 Gavetas Maya Espresso M\u00f3veis Branco, clique e continue <strong>pesquisando&#8230;<\/strong><\/a><\/p>\n<hr \/>\n","protected":false},"excerpt":{"rendered":"<p>R$ 1021.03 nas lojas <a href=\"https:\/\/www.awin1.com\/pclick.php?p=38605496570&#038;a=690303&#038;m=100453\" target=\"_blank\" rel=\"sponsored\">Casa Tema BR<\/a><\/p>\n","protected":false},"author":1,"featured_media":0,"comment_status":"closed","ping_status":"closed","sticky":false,"template":"","format":"standard","meta":{"footnotes":""},"categories":[2],"tags":[374,21],"class_list":["post-78433","post","type-post","status-publish","format-standard","hentry","category-produtos","tag-1021-03","tag-casa-tema-br"],"_links":{"self":[{"href":"https:\/\/jr1.com.br\/shopping\/wp-json\/wp\/v2\/posts\/78433","targetHints":{"allow":["GET"]}}],"collection":[{"href":"https:\/\/jr1.com.br\/shopping\/wp-json\/wp\/v2\/posts"}],"about":[{"href":"https:\/\/jr1.com.br\/shopping\/wp-json\/wp\/v2\/types\/post"}],"author":[{"embeddable":true,"href":"https:\/\/jr1.com.br\/shopping\/wp-json\/wp\/v2\/users\/1"}],"replies":[{"embeddable":true,"href":"https:\/\/jr1.com.br\/shopping\/wp-json\/wp\/v2\/comments?post=78433"}],"version-history":[{"count":0,"href":"https:\/\/jr1.com.br\/shopping\/wp-json\/wp\/v2\/posts\/78433\/revisions"}],"wp:attachment":[{"href":"https:\/\/jr1.com.br\/shopping\/wp-json\/wp\/v2\/media?parent=78433"}],"wp:term":[{"taxonomy":"category","embeddable":true,"href":"https:\/\/jr1.com.br\/shopping\/wp-json\/wp\/v2\/categories?post=78433"},{"taxonomy":"post_tag","embeddable":true,"href":"https:\/\/jr1.com.br\/shopping\/wp-json\/wp\/v2\/tags?post=78433"}],"curies":[{"name":"wp","href":"https:\/\/api.w.org\/{rel}","templated":true}]}}