{"id":78501,"date":"2026-03-08T17:06:49","date_gmt":"2026-03-08T17:06:49","guid":{"rendered":"https:\/\/jr1.com.br\/shopping\/2026\/03\/08\/grade-de-protecao-para-cama-infantil-madeira-macica-prime-casatema-fendi\/"},"modified":"2026-03-08T17:06:49","modified_gmt":"2026-03-08T17:06:49","slug":"grade-de-protecao-para-cama-infantil-madeira-macica-prime-casatema-fendi","status":"publish","type":"post","link":"https:\/\/jr1.com.br\/shopping\/2026\/03\/08\/grade-de-protecao-para-cama-infantil-madeira-macica-prime-casatema-fendi\/","title":{"rendered":"Grade de Prote\u00e7\u00e3o para Cama Infantil Madeira Maci\u00e7a Prime Casatema Fendi"},"content":{"rendered":"<h2><\/h2>\n<h3>O pre\u00e7o de Grade de Prote\u00e7\u00e3o para Cama Infantil Madeira Maci\u00e7a Prime Casatema Fendi no dia acima especificado era de <strong>R$ 224.62<\/strong>.<\/h3>\n<p>Confira o pre\u00e7o atual aqui: <a href=\"https:\/\/www.awin1.com\/pclick.php?p=38605496623&#038;a=690303&#038;m=100453\" rel=\"noopener sponsored\"><img decoding=\"async\" src=\"https:\/\/ui.awin.com\/images\/upload\/merchant\/profile\/100453.png\" alt=\"Grade de Prote\u00e7\u00e3o para Cama Infantil Madeira Maci\u00e7a Prime Casatema Fendi\" \/> &#8211; nas lojas Casa Tema BR<\/a><\/p>\n<p><img decoding=\"async\" src=\"https:\/\/casatema.vteximg.com.br\/arquivos\/ids\/897080_2\" alt=\"Grade de Prote\u00e7\u00e3o para Cama Infantil Madeira Maci\u00e7a Prime Casatema Fendi\" \/><br \/>\nGrade de Prote\u00e7\u00e3o para Cama Infantil Madeira Maci\u00e7a Prime Casatema FendiGrade de Prote\u00e7\u00e3o para Cama Infantil Madeira Maci\u00e7a Prime Casatema Fendi. Sabemos que n\u00e3o da pra brincar com a seguran\u00e7a das crian\u00e7as, ainda mais na hora do sono, e para manter a crian\u00e7a mais segura nessa hora chegou a Grade de Prote\u00e7\u00e3o Casatema. Grade de prote\u00e7\u00e3o para Cama Infantil madeira maci\u00e7a e acabamento em laca da Casatema. Produto produzido com estrutura em madeira maci\u00e7a Pinus de reflorestamento e pintura em Laca bege (fendi).Caracter\u00edsticas:Escala de Brilho: Semi-BrilhoAmbiente Principal: Quarto InfantilAcabamento: LacaCor do Produto: FendiAltura: 32 cmMaterial Principal: Madeira Maci\u00e7aSistema de Montagem: Cavilhas e parafusosItens Inclusos: 1 Grade de Prote\u00e7\u00e3o, Kit Ferragens e Manual de MontagemPeso: 3.5Largura: 152Profundidade: 6.3Cor Predominante: BegeOrigem do Produto: NacionalLinha ou Cole\u00e7\u00e3o: PrimeGarantia: 06 mesesNecessita Montagem: SimComplexidade da Montagem: Baixa: pode ser montado por uma pessoa sozinhaRecomenda\u00e7\u00f5es de Uso, Manuten\u00e7\u00e3o e Limpeza: Na limpeza n\u00e3o utilizar produtos qu\u00edmicos e abrasivos, usar apenas um pano umedecido, para garantir a maior durabilidade do m\u00f3vel.Cor: Fendi<\/p>\n<h4>Aproveite e pesquise o pre\u00e7o deste produto em dezenas de lojas dos marketplaces abaixo:<\/h4>\n<p><a href=\"https:\/\/www.magazinevoce.com.br\/magazineezu\/busca\/Grade de Prote\u00e7\u00e3o para Cama Infantil Madeira Maci\u00e7a Prime Casatema Fendi\/\" target=\"_blank\" rel=\"noopener\"><img decoding=\"async\" src=\"https:\/\/mvc.mlcdn.com.br\/ad\/2503_superofertas.png\" alt=\"Pesquise no Magazine eZu\" \/> &#8211; da Parceria MAGALU<\/a>.<\/p>\n<p>Ainda n\u00e3o encontrou a melhor op\u00e7\u00e3o de compra? Oferecemos mais uma possibilidade de <strong>busca<\/strong> mais ampla para <a href=\"https:\/\/ecompare.com.br\/lojas\/resultados-da-pesquisa\/?q=Grade de Prote\u00e7\u00e3o para Cama Infantil Madeira Maci\u00e7a Prime Casatema Fendi#gsc.tab=0&amp;gsc.q=Grade de Prote\u00e7\u00e3o para Cama Infantil Madeira Maci\u00e7a Prime Casatema Fendi&amp;gsc.page=1\" target=\"_blank\" rel=\"noopener\">Grade de Prote\u00e7\u00e3o para Cama Infantil Madeira Maci\u00e7a Prime Casatema Fendi, clique e continue <strong>pesquisando&#8230;<\/strong><\/a><\/p>\n<hr \/>\n","protected":false},"excerpt":{"rendered":"<p>R$ 224.62 nas lojas <a href=\"https:\/\/www.awin1.com\/pclick.php?p=38605496623&#038;a=690303&#038;m=100453\" target=\"_blank\" rel=\"sponsored\">Casa Tema BR<\/a><\/p>\n","protected":false},"author":1,"featured_media":0,"comment_status":"closed","ping_status":"closed","sticky":false,"template":"","format":"standard","meta":{"footnotes":""},"categories":[2],"tags":[396,21],"class_list":["post-78501","post","type-post","status-publish","format-standard","hentry","category-produtos","tag-224-62","tag-casa-tema-br"],"_links":{"self":[{"href":"https:\/\/jr1.com.br\/shopping\/wp-json\/wp\/v2\/posts\/78501","targetHints":{"allow":["GET"]}}],"collection":[{"href":"https:\/\/jr1.com.br\/shopping\/wp-json\/wp\/v2\/posts"}],"about":[{"href":"https:\/\/jr1.com.br\/shopping\/wp-json\/wp\/v2\/types\/post"}],"author":[{"embeddable":true,"href":"https:\/\/jr1.com.br\/shopping\/wp-json\/wp\/v2\/users\/1"}],"replies":[{"embeddable":true,"href":"https:\/\/jr1.com.br\/shopping\/wp-json\/wp\/v2\/comments?post=78501"}],"version-history":[{"count":0,"href":"https:\/\/jr1.com.br\/shopping\/wp-json\/wp\/v2\/posts\/78501\/revisions"}],"wp:attachment":[{"href":"https:\/\/jr1.com.br\/shopping\/wp-json\/wp\/v2\/media?parent=78501"}],"wp:term":[{"taxonomy":"category","embeddable":true,"href":"https:\/\/jr1.com.br\/shopping\/wp-json\/wp\/v2\/categories?post=78501"},{"taxonomy":"post_tag","embeddable":true,"href":"https:\/\/jr1.com.br\/shopping\/wp-json\/wp\/v2\/tags?post=78501"}],"curies":[{"name":"wp","href":"https:\/\/api.w.org\/{rel}","templated":true}]}}