{"id":78520,"date":"2026-03-13T03:54:35","date_gmt":"2026-03-13T03:54:35","guid":{"rendered":"https:\/\/jr1.com.br\/shopping\/2026\/03\/13\/berco-mini-cama-wave-3-em-1-com-colchao-maior-cinza\/"},"modified":"2026-03-13T03:54:35","modified_gmt":"2026-03-13T03:54:35","slug":"berco-mini-cama-wave-3-em-1-com-colchao-maior-cinza","status":"publish","type":"post","link":"https:\/\/jr1.com.br\/shopping\/2026\/03\/13\/berco-mini-cama-wave-3-em-1-com-colchao-maior-cinza\/","title":{"rendered":"Ber\u00e7o Mini Cama Wave 3 Em 1 Com Colch\u00e3o Maior Cinza"},"content":{"rendered":"<h2><\/h2>\n<h3>O pre\u00e7o de Ber\u00e7o Mini Cama Wave 3 Em 1 Com Colch\u00e3o Maior Cinza no dia acima especificado era de <strong>R$ 3471.56<\/strong>.<\/h3>\n<p>Confira o pre\u00e7o atual aqui: <a href=\"https:\/\/www.awin1.com\/pclick.php?p=38605496661&#038;a=690303&#038;m=100453\" rel=\"noopener sponsored\"><img decoding=\"async\" src=\"https:\/\/ui.awin.com\/images\/upload\/merchant\/profile\/100453.png\" alt=\"Ber\u00e7o Mini Cama Wave 3 Em 1 Com Colch\u00e3o Maior Cinza\" \/> &#8211; nas lojas Casa Tema BR<\/a><\/p>\n<p><img decoding=\"async\" src=\"https:\/\/casatema.vteximg.com.br\/arquivos\/ids\/897373_2\" alt=\"Ber\u00e7o Mini Cama Wave 3 Em 1 Com Colch\u00e3o Maior Cinza\" \/><br \/>\nBer\u00e7o Mini Cama Wave 3 Em 1 Com Colch\u00e3o Maior CinzaBer\u00e7o Mini Cama Wave 3 Em 1 Com Colch\u00e3o Maior Cinza. Com tr\u00eas op\u00e7\u00f5es de uso, o Ber\u00e7o da Wave 3 em 1 multifuncional da Divicar possui o conceito crescer. Pode ser montado como mini ber\u00e7o, ber\u00e7o e posteriormente como mini cama, acompanhando todas fases do crescimento do seu beb\u00eaCaracter\u00edsticas:Cor Predominante: CinzaAmbiente: nullGarantia: 12 mesesAmbiente Principal: Quarto de Beb\u00eaCor: CinzaPintura At\u00f3xica: SimPermite a Utiliza\u00e7\u00e3o de Cama Auxiliar: N\u00e3oEstrado com Regulagem de Altura: SimAcompanha Colch\u00e3o: N\u00e3oMaterial Principal: Madeira Maci\u00e7aAcabamento: PinturaPossui Portas: N\u00e3o<\/p>\n<h4>Aproveite e pesquise o pre\u00e7o deste produto em dezenas de lojas dos marketplaces abaixo:<\/h4>\n<p><a href=\"https:\/\/www.magazinevoce.com.br\/magazineezu\/busca\/Ber\u00e7o Mini Cama Wave 3 Em 1 Com Colch\u00e3o Maior Cinza\/\" target=\"_blank\" rel=\"noopener\"><img decoding=\"async\" src=\"https:\/\/mvc.mlcdn.com.br\/ad\/2503_superofertas.png\" alt=\"Pesquise no Magazine eZu\" \/> &#8211; da Parceria MAGALU<\/a>.<\/p>\n<p>Ainda n\u00e3o encontrou a melhor op\u00e7\u00e3o de compra? Oferecemos mais uma possibilidade de <strong>busca<\/strong> mais ampla para <a href=\"https:\/\/ecompare.com.br\/lojas\/resultados-da-pesquisa\/?q=Ber\u00e7o Mini Cama Wave 3 Em 1 Com Colch\u00e3o Maior Cinza#gsc.tab=0&amp;gsc.q=Ber\u00e7o Mini Cama Wave 3 Em 1 Com Colch\u00e3o Maior Cinza&amp;gsc.page=1\" target=\"_blank\" rel=\"noopener\">Ber\u00e7o Mini Cama Wave 3 Em 1 Com Colch\u00e3o Maior Cinza, clique e continue <strong>pesquisando&#8230;<\/strong><\/a><\/p>\n<hr \/>\n","protected":false},"excerpt":{"rendered":"<p>R$ 3471.56 nas lojas <a href=\"https:\/\/www.awin1.com\/pclick.php?p=38605496661&#038;a=690303&#038;m=100453\" target=\"_blank\" rel=\"sponsored\">Casa Tema BR<\/a><\/p>\n","protected":false},"author":1,"featured_media":0,"comment_status":"closed","ping_status":"closed","sticky":false,"template":"","format":"standard","meta":{"footnotes":""},"categories":[2],"tags":[1387,21],"class_list":["post-78520","post","type-post","status-publish","format-standard","hentry","category-produtos","tag-3471-56","tag-casa-tema-br"],"_links":{"self":[{"href":"https:\/\/jr1.com.br\/shopping\/wp-json\/wp\/v2\/posts\/78520","targetHints":{"allow":["GET"]}}],"collection":[{"href":"https:\/\/jr1.com.br\/shopping\/wp-json\/wp\/v2\/posts"}],"about":[{"href":"https:\/\/jr1.com.br\/shopping\/wp-json\/wp\/v2\/types\/post"}],"author":[{"embeddable":true,"href":"https:\/\/jr1.com.br\/shopping\/wp-json\/wp\/v2\/users\/1"}],"replies":[{"embeddable":true,"href":"https:\/\/jr1.com.br\/shopping\/wp-json\/wp\/v2\/comments?post=78520"}],"version-history":[{"count":0,"href":"https:\/\/jr1.com.br\/shopping\/wp-json\/wp\/v2\/posts\/78520\/revisions"}],"wp:attachment":[{"href":"https:\/\/jr1.com.br\/shopping\/wp-json\/wp\/v2\/media?parent=78520"}],"wp:term":[{"taxonomy":"category","embeddable":true,"href":"https:\/\/jr1.com.br\/shopping\/wp-json\/wp\/v2\/categories?post=78520"},{"taxonomy":"post_tag","embeddable":true,"href":"https:\/\/jr1.com.br\/shopping\/wp-json\/wp\/v2\/tags?post=78520"}],"curies":[{"name":"wp","href":"https:\/\/api.w.org\/{rel}","templated":true}]}}