{"id":78540,"date":"2026-03-09T08:24:56","date_gmt":"2026-03-09T08:24:56","guid":{"rendered":"https:\/\/jr1.com.br\/shopping\/2026\/03\/09\/berco-americano-2-em-1-mini-cama-e-colchao-cubo-areia-platano\/"},"modified":"2026-03-09T08:24:56","modified_gmt":"2026-03-09T08:24:56","slug":"berco-americano-2-em-1-mini-cama-e-colchao-cubo-areia-platano","status":"publish","type":"post","link":"https:\/\/jr1.com.br\/shopping\/2026\/03\/09\/berco-americano-2-em-1-mini-cama-e-colchao-cubo-areia-platano\/","title":{"rendered":"Ber\u00e7o Americano 2 em 1 Mini Cama e Colch\u00e3o Cubo Areia\/Platano"},"content":{"rendered":"<h2><\/h2>\n<h3>O pre\u00e7o de Ber\u00e7o Americano 2 em 1 Mini Cama e Colch\u00e3o Cubo Areia\/Platano no dia acima especificado era de <strong>R$ 1685.32<\/strong>.<\/h3>\n<p>Confira o pre\u00e7o atual aqui: <a href=\"https:\/\/www.awin1.com\/pclick.php?p=38605496689&#038;a=690303&#038;m=100453\" rel=\"noopener sponsored\"><img decoding=\"async\" src=\"https:\/\/ui.awin.com\/images\/upload\/merchant\/profile\/100453.png\" alt=\"Ber\u00e7o Americano 2 em 1 Mini Cama e Colch\u00e3o Cubo Areia\/Platano\" \/> &#8211; nas lojas Casa Tema BR<\/a><\/p>\n<p><img decoding=\"async\" src=\"https:\/\/casatema.vteximg.com.br\/arquivos\/ids\/897850_2\" alt=\"Ber\u00e7o Americano 2 em 1 Mini Cama e Colch\u00e3o Cubo Areia\/Platano\" \/><br \/>\nBer\u00e7o Americano 2 em 1 Mini Cama e Colch\u00e3o Cubo Areia\/PlatanoBer\u00e7o Americano 2 em 1 Mini Cama e Colch\u00e3o Cubo Areia\/Platano. Como escolher o primeiro ber\u00e7inho ? Encontre no ber\u00e7o cubo o visual do estilo moderno, a seguran\u00e7a em poder regular o estrado em 3 alturas, a versatilidade em usar por mais tempo, pois acompanha a mini grade para transformar em mini cama. O lan\u00e7amento ber\u00e7o cubo disp\u00f5e das cores branco e areia, pintura at\u00f3xica, excelente qualidade em seu material. Conhe\u00e7a o mais novo ber\u00e7o da Divicar M\u00f3veis!Caracter\u00edsticas:Estrado com Regulagem de Altura: SimPermite a Utiliza\u00e7\u00e3o de Cama Auxiliar: N\u00e3oPossui Portas: N\u00e3oMaterial Principal: MDFGarantia: 12 mesesAcabamento: Pintura UVAmbiente: nullPossui Rod\u00edzio: N\u00e3oCor Predominante: BegeAcompanha Colch\u00e3o: N\u00e3oAmbiente Principal: Quarto de Beb\u00eaPintura At\u00f3xica: SimCor: Areia\/Platano<\/p>\n<h4>Aproveite e pesquise o pre\u00e7o deste produto em dezenas de lojas dos marketplaces abaixo:<\/h4>\n<p><a href=\"https:\/\/www.magazinevoce.com.br\/magazineezu\/busca\/Ber\u00e7o Americano 2 em 1 Mini Cama e Colch\u00e3o Cubo Areia\/Platano\/\" target=\"_blank\" rel=\"noopener\"><img decoding=\"async\" src=\"https:\/\/mvc.mlcdn.com.br\/ad\/2503_superofertas.png\" alt=\"Pesquise no Magazine eZu\" \/> &#8211; da Parceria MAGALU<\/a>.<\/p>\n<p>Ainda n\u00e3o encontrou a melhor op\u00e7\u00e3o de compra? Oferecemos mais uma possibilidade de <strong>busca<\/strong> mais ampla para <a href=\"https:\/\/ecompare.com.br\/lojas\/resultados-da-pesquisa\/?q=Ber\u00e7o Americano 2 em 1 Mini Cama e Colch\u00e3o Cubo Areia\/Platano#gsc.tab=0&amp;gsc.q=Ber\u00e7o Americano 2 em 1 Mini Cama e Colch\u00e3o Cubo Areia\/Platano&amp;gsc.page=1\" target=\"_blank\" rel=\"noopener\">Ber\u00e7o Americano 2 em 1 Mini Cama e Colch\u00e3o Cubo Areia\/Platano, clique e continue <strong>pesquisando&#8230;<\/strong><\/a><\/p>\n<hr \/>\n","protected":false},"excerpt":{"rendered":"<p>R$ 1685.32 nas lojas <a href=\"https:\/\/www.awin1.com\/pclick.php?p=38605496689&#038;a=690303&#038;m=100453\" target=\"_blank\" rel=\"sponsored\">Casa Tema BR<\/a><\/p>\n","protected":false},"author":1,"featured_media":0,"comment_status":"closed","ping_status":"closed","sticky":false,"template":"","format":"standard","meta":{"footnotes":""},"categories":[2],"tags":[1737,21],"class_list":["post-78540","post","type-post","status-publish","format-standard","hentry","category-produtos","tag-1685-32","tag-casa-tema-br"],"_links":{"self":[{"href":"https:\/\/jr1.com.br\/shopping\/wp-json\/wp\/v2\/posts\/78540","targetHints":{"allow":["GET"]}}],"collection":[{"href":"https:\/\/jr1.com.br\/shopping\/wp-json\/wp\/v2\/posts"}],"about":[{"href":"https:\/\/jr1.com.br\/shopping\/wp-json\/wp\/v2\/types\/post"}],"author":[{"embeddable":true,"href":"https:\/\/jr1.com.br\/shopping\/wp-json\/wp\/v2\/users\/1"}],"replies":[{"embeddable":true,"href":"https:\/\/jr1.com.br\/shopping\/wp-json\/wp\/v2\/comments?post=78540"}],"version-history":[{"count":0,"href":"https:\/\/jr1.com.br\/shopping\/wp-json\/wp\/v2\/posts\/78540\/revisions"}],"wp:attachment":[{"href":"https:\/\/jr1.com.br\/shopping\/wp-json\/wp\/v2\/media?parent=78540"}],"wp:term":[{"taxonomy":"category","embeddable":true,"href":"https:\/\/jr1.com.br\/shopping\/wp-json\/wp\/v2\/categories?post=78540"},{"taxonomy":"post_tag","embeddable":true,"href":"https:\/\/jr1.com.br\/shopping\/wp-json\/wp\/v2\/tags?post=78540"}],"curies":[{"name":"wp","href":"https:\/\/api.w.org\/{rel}","templated":true}]}}