{"id":78550,"date":"2026-03-14T07:41:19","date_gmt":"2026-03-14T07:41:19","guid":{"rendered":"https:\/\/jr1.com.br\/shopping\/2026\/03\/14\/bicama-baba-exclusive-com-cama-auxiliar-casatema-branco-natural\/"},"modified":"2026-03-14T07:41:19","modified_gmt":"2026-03-14T07:41:19","slug":"bicama-baba-exclusive-com-cama-auxiliar-casatema-branco-natural","status":"publish","type":"post","link":"https:\/\/jr1.com.br\/shopping\/2026\/03\/14\/bicama-baba-exclusive-com-cama-auxiliar-casatema-branco-natural\/","title":{"rendered":"Bicama Bab\u00e1 Exclusive com Cama Auxiliar Casatema Branco\/Natural"},"content":{"rendered":"<h2><\/h2>\n<h3>O pre\u00e7o de Bicama Bab\u00e1 Exclusive com Cama Auxiliar Casatema Branco\/Natural no dia acima especificado era de <strong>R$ 1080.02<\/strong>.<\/h3>\n<p>Confira o pre\u00e7o atual aqui: <a href=\"https:\/\/www.awin1.com\/pclick.php?p=38605496686&#038;a=690303&#038;m=100453\" rel=\"noopener sponsored\"><img decoding=\"async\" src=\"https:\/\/ui.awin.com\/images\/upload\/merchant\/profile\/100453.png\" alt=\"Bicama Bab\u00e1 Exclusive com Cama Auxiliar Casatema Branco\/Natural\" \/> &#8211; nas lojas Casa Tema BR<\/a><\/p>\n<p><img decoding=\"async\" src=\"https:\/\/casatema.vteximg.com.br\/arquivos\/ids\/897796_2\" alt=\"Bicama Bab\u00e1 Exclusive com Cama Auxiliar Casatema Branco\/Natural\" \/><br \/>\nBicama Bab\u00e1 Exclusive com Cama Auxiliar Casatema Branco\/NaturalBicama Bab\u00e1 Exclusive com Cama Auxiliar Casatema Branco\/Natural. O Conjunto Bicama Bab\u00e1 Exclusive com Cama Auxiliar Casatema foi pensado para trazer praticidade para o quarto, j\u00e1 que pode ser utilizada como cama, sof\u00e1 e bicama. Estrutura em Madeira e MDF, permite que a cama suporte at\u00e9 90kg distribu\u00eddos uniformemente e a cama auxiliar at\u00e9 120kg distribu\u00eddos uniformemente. Acabamento predominante em poli\u00e9ster (sistema de pintura UV) que d\u00e1 ao produto um toque de prote\u00e7\u00e3o e acabamento, al\u00e9m de perfeita cobertura, sendo um sistema de pintura at\u00f3xico. Colch\u00e3o indicado para uso em tamanho padr\u00e3o de 188mx88cm na cama superior e 188x78cm na cama inferior.Caracter\u00edsticas:Material Principal: MDFAcompanha Colch\u00e3o: N\u00e3oGarantia: 06 mesesPossui Portas: N\u00e3oCor Predominante: BrancoSuporta At\u00e9 (kg): 90 kgAmbiente Principal: Quarto InfantilCor do Produto: Branco\/NaturalCor: Branco\/Natural<\/p>\n<h4>Aproveite e pesquise o pre\u00e7o deste produto em dezenas de lojas dos marketplaces abaixo:<\/h4>\n<p><a href=\"https:\/\/www.magazinevoce.com.br\/magazineezu\/busca\/Bicama Bab\u00e1 Exclusive com Cama Auxiliar Casatema Branco\/Natural\/\" target=\"_blank\" rel=\"noopener\"><img decoding=\"async\" src=\"https:\/\/mvc.mlcdn.com.br\/ad\/2503_superofertas.png\" alt=\"Pesquise no Magazine eZu\" \/> &#8211; da Parceria MAGALU<\/a>.<\/p>\n<p>Ainda n\u00e3o encontrou a melhor op\u00e7\u00e3o de compra? Oferecemos mais uma possibilidade de <strong>busca<\/strong> mais ampla para <a href=\"https:\/\/ecompare.com.br\/lojas\/resultados-da-pesquisa\/?q=Bicama Bab\u00e1 Exclusive com Cama Auxiliar Casatema Branco\/Natural#gsc.tab=0&amp;gsc.q=Bicama Bab\u00e1 Exclusive com Cama Auxiliar Casatema Branco\/Natural&amp;gsc.page=1\" target=\"_blank\" rel=\"noopener\">Bicama Bab\u00e1 Exclusive com Cama Auxiliar Casatema Branco\/Natural, clique e continue <strong>pesquisando&#8230;<\/strong><\/a><\/p>\n<hr \/>\n","protected":false},"excerpt":{"rendered":"<p>R$ 1080.02 nas lojas <a href=\"https:\/\/www.awin1.com\/pclick.php?p=38605496686&#038;a=690303&#038;m=100453\" target=\"_blank\" rel=\"sponsored\">Casa Tema BR<\/a><\/p>\n","protected":false},"author":1,"featured_media":0,"comment_status":"closed","ping_status":"closed","sticky":false,"template":"","format":"standard","meta":{"footnotes":""},"categories":[2],"tags":[1743,21],"class_list":["post-78550","post","type-post","status-publish","format-standard","hentry","category-produtos","tag-1080-02","tag-casa-tema-br"],"_links":{"self":[{"href":"https:\/\/jr1.com.br\/shopping\/wp-json\/wp\/v2\/posts\/78550","targetHints":{"allow":["GET"]}}],"collection":[{"href":"https:\/\/jr1.com.br\/shopping\/wp-json\/wp\/v2\/posts"}],"about":[{"href":"https:\/\/jr1.com.br\/shopping\/wp-json\/wp\/v2\/types\/post"}],"author":[{"embeddable":true,"href":"https:\/\/jr1.com.br\/shopping\/wp-json\/wp\/v2\/users\/1"}],"replies":[{"embeddable":true,"href":"https:\/\/jr1.com.br\/shopping\/wp-json\/wp\/v2\/comments?post=78550"}],"version-history":[{"count":0,"href":"https:\/\/jr1.com.br\/shopping\/wp-json\/wp\/v2\/posts\/78550\/revisions"}],"wp:attachment":[{"href":"https:\/\/jr1.com.br\/shopping\/wp-json\/wp\/v2\/media?parent=78550"}],"wp:term":[{"taxonomy":"category","embeddable":true,"href":"https:\/\/jr1.com.br\/shopping\/wp-json\/wp\/v2\/categories?post=78550"},{"taxonomy":"post_tag","embeddable":true,"href":"https:\/\/jr1.com.br\/shopping\/wp-json\/wp\/v2\/tags?post=78550"}],"curies":[{"name":"wp","href":"https:\/\/api.w.org\/{rel}","templated":true}]}}