{"id":78814,"date":"2026-03-12T08:45:00","date_gmt":"2026-03-12T08:45:00","guid":{"rendered":"https:\/\/jr1.com.br\/shopping\/2026\/03\/12\/oleo-capilar-alfaparf-milano-professional-semi-di-lino-sublime-cristalli-liquidi-15-ml\/"},"modified":"2026-03-12T08:45:00","modified_gmt":"2026-03-12T08:45:00","slug":"oleo-capilar-alfaparf-milano-professional-semi-di-lino-sublime-cristalli-liquidi-15-ml","status":"publish","type":"post","link":"https:\/\/jr1.com.br\/shopping\/2026\/03\/12\/oleo-capilar-alfaparf-milano-professional-semi-di-lino-sublime-cristalli-liquidi-15-ml\/","title":{"rendered":"\u00d3leo Capilar Alfaparf Milano Professional Semi Di Lino Sublime Cristalli L\u00edquidi 15 ml"},"content":{"rendered":"<h2>Cabelos<\/h2>\n<h3>O pre\u00e7o de \u00d3leo Capilar Alfaparf Milano Professional Semi Di Lino Sublime Cristalli L\u00edquidi 15 ml no dia acima especificado era de <strong>R$ 78.90<\/strong>.<\/h3>\n<p>Confira o pre\u00e7o atual aqui: <a href=\"https:\/\/www.awin1.com\/pclick.php?p=39025452035&#038;a=690303&#038;m=100869\" rel=\"noopener sponsored\"><img decoding=\"async\" src=\"https:\/\/ui.awin.com\/images\/upload\/merchant\/profile\/100869.png\" alt=\"\u00d3leo Capilar Alfaparf Milano Professional Semi Di Lino Sublime Cristalli L\u00edquidi 15 ml\" \/> &#8211; nas lojas AMOBELEZA BR<\/a><\/p>\n<p><img decoding=\"async\" src=\"https:\/\/amobeleza.vteximg.com.br\/arquivos\/ids\/272261_2\" alt=\"\u00d3leo Capilar Alfaparf Milano Professional Semi Di Lino Sublime Cristalli L\u00edquidi 15 ml\" \/><br \/>\nO \u00d3leo Iluminador Sublime Cristalli Liquid \u00e9 um flu\u00eddo de beleza universal para uma luminosidade nunca vista. Com \u00f3leo de sementes de linho e vitamina E, que protegem os cabelos das agress\u00f5es externas, cria uma pel\u00edcula anti-ressecamento e antiumidade. O brilho supera os danos causados pela polui\u00e7\u00e3o: os cabelos redescobrem uma beleza extraordin\u00e1ria.<\/p>\n<h4>Aproveite e pesquise o pre\u00e7o deste produto em dezenas de lojas dos marketplaces abaixo:<\/h4>\n<p><a href=\"https:\/\/www.magazinevoce.com.br\/magazineezu\/busca\/\u00d3leo Capilar Alfaparf Milano Professional Semi Di Lino Sublime Cristalli L\u00edquidi 15 ml\/\" target=\"_blank\" rel=\"noopener\"><img decoding=\"async\" src=\"https:\/\/mvc.mlcdn.com.br\/ad\/2503_superofertas.png\" alt=\"Pesquise no Magazine eZu\" \/> &#8211; da Parceria MAGALU<\/a>.<\/p>\n<p>Ainda n\u00e3o encontrou a melhor op\u00e7\u00e3o de compra? Oferecemos mais uma possibilidade de <strong>busca<\/strong> mais ampla para <a href=\"https:\/\/ecompare.com.br\/lojas\/resultados-da-pesquisa\/?q=\u00d3leo Capilar Alfaparf Milano Professional Semi Di Lino Sublime Cristalli L\u00edquidi 15 ml#gsc.tab=0&amp;gsc.q=\u00d3leo Capilar Alfaparf Milano Professional Semi Di Lino Sublime Cristalli L\u00edquidi 15 ml&amp;gsc.page=1\" target=\"_blank\" rel=\"noopener\">\u00d3leo Capilar Alfaparf Milano Professional Semi Di Lino Sublime Cristalli L\u00edquidi 15 ml, clique e continue <strong>pesquisando&#8230;<\/strong><\/a><\/p>\n<hr \/>\n","protected":false},"excerpt":{"rendered":"<p>R$ 78.90 nas lojas <a href=\"https:\/\/www.awin1.com\/pclick.php?p=39025452035&#038;a=690303&#038;m=100869\" target=\"_blank\" rel=\"sponsored\">AMOBELEZA BR<\/a><\/p>\n","protected":false},"author":1,"featured_media":0,"comment_status":"closed","ping_status":"closed","sticky":false,"template":"","format":"standard","meta":{"footnotes":""},"categories":[2],"tags":[1883,22],"class_list":["post-78814","post","type-post","status-publish","format-standard","hentry","category-produtos","tag-78-90","tag-amobeleza-br"],"_links":{"self":[{"href":"https:\/\/jr1.com.br\/shopping\/wp-json\/wp\/v2\/posts\/78814","targetHints":{"allow":["GET"]}}],"collection":[{"href":"https:\/\/jr1.com.br\/shopping\/wp-json\/wp\/v2\/posts"}],"about":[{"href":"https:\/\/jr1.com.br\/shopping\/wp-json\/wp\/v2\/types\/post"}],"author":[{"embeddable":true,"href":"https:\/\/jr1.com.br\/shopping\/wp-json\/wp\/v2\/users\/1"}],"replies":[{"embeddable":true,"href":"https:\/\/jr1.com.br\/shopping\/wp-json\/wp\/v2\/comments?post=78814"}],"version-history":[{"count":0,"href":"https:\/\/jr1.com.br\/shopping\/wp-json\/wp\/v2\/posts\/78814\/revisions"}],"wp:attachment":[{"href":"https:\/\/jr1.com.br\/shopping\/wp-json\/wp\/v2\/media?parent=78814"}],"wp:term":[{"taxonomy":"category","embeddable":true,"href":"https:\/\/jr1.com.br\/shopping\/wp-json\/wp\/v2\/categories?post=78814"},{"taxonomy":"post_tag","embeddable":true,"href":"https:\/\/jr1.com.br\/shopping\/wp-json\/wp\/v2\/tags?post=78814"}],"curies":[{"name":"wp","href":"https:\/\/api.w.org\/{rel}","templated":true}]}}