{"id":79050,"date":"2026-03-06T01:02:11","date_gmt":"2026-03-06T01:02:11","guid":{"rendered":"https:\/\/jr1.com.br\/shopping\/2026\/03\/06\/mousse-modelador-loreal-professionnel-curl-expression-10-em-1-250-ml\/"},"modified":"2026-03-06T01:02:11","modified_gmt":"2026-03-06T01:02:11","slug":"mousse-modelador-loreal-professionnel-curl-expression-10-em-1-250-ml","status":"publish","type":"post","link":"https:\/\/jr1.com.br\/shopping\/2026\/03\/06\/mousse-modelador-loreal-professionnel-curl-expression-10-em-1-250-ml\/","title":{"rendered":"Mousse Modelador L&#8217;Or\u00e9al Professionnel Curl Expression 10 em 1 250 ml"},"content":{"rendered":"<h2>Cabelos<\/h2>\n<h3>O pre\u00e7o de Mousse Modelador L&#8217;Or\u00e9al Professionnel Curl Expression 10 em 1 250 ml no dia acima especificado era de <strong>R$ 283.90<\/strong>.<\/h3>\n<p>Confira o pre\u00e7o atual aqui: <a href=\"https:\/\/www.awin1.com\/pclick.php?p=40592582514&#038;a=690303&#038;m=100869\" rel=\"noopener sponsored\"><img decoding=\"async\" src=\"https:\/\/ui.awin.com\/images\/upload\/merchant\/profile\/100869.png\" alt=\"Mousse Modelador L'Or\u00e9al Professionnel Curl Expression 10 em 1 250 ml\" \/> &#8211; nas lojas AMOBELEZA BR<\/a><\/p>\n<p><img decoding=\"async\" src=\"https:\/\/amobeleza.vteximg.com.br\/arquivos\/ids\/222780_2\" alt=\"Mousse Modelador L'Or\u00e9al Professionnel Curl Expression 10 em 1 250 ml\" \/><br \/>\nMousse Modelador L&#8217;Or\u00e9al Professionnel Curl Expression 10 em 1 ideal para cabelos Crespos, Cacheados ou Ondulados. Proporciona mais defini\u00e7\u00e3o e hidrata\u00e7\u00e3o para uma modelagem com tratamento, sem pesar ou com res\u00edduos.<\/p>\n<h4>Aproveite e pesquise o pre\u00e7o deste produto em dezenas de lojas dos marketplaces abaixo:<\/h4>\n<p><a href=\"https:\/\/www.magazinevoce.com.br\/magazineezu\/busca\/Mousse Modelador L'Or\u00e9al Professionnel Curl Expression 10 em 1 250 ml\/\" target=\"_blank\" rel=\"noopener\"><img decoding=\"async\" src=\"https:\/\/mvc.mlcdn.com.br\/ad\/2503_superofertas.png\" alt=\"Pesquise no Magazine eZu\" \/> &#8211; da Parceria MAGALU<\/a>.<\/p>\n<p>Ainda n\u00e3o encontrou a melhor op\u00e7\u00e3o de compra? Oferecemos mais uma possibilidade de <strong>busca<\/strong> mais ampla para <a href=\"https:\/\/ecompare.com.br\/lojas\/resultados-da-pesquisa\/?q=Mousse Modelador L'Or\u00e9al Professionnel Curl Expression 10 em 1 250 ml#gsc.tab=0&amp;gsc.q=Mousse Modelador L'Or\u00e9al Professionnel Curl Expression 10 em 1 250 ml&amp;gsc.page=1\" target=\"_blank\" rel=\"noopener\">Mousse Modelador L&#8217;Or\u00e9al Professionnel Curl Expression 10 em 1 250 ml, clique e continue <strong>pesquisando&#8230;<\/strong><\/a><\/p>\n<hr \/>\n","protected":false},"excerpt":{"rendered":"<p>R$ 283.90 nas lojas <a href=\"https:\/\/www.awin1.com\/pclick.php?p=40592582514&#038;a=690303&#038;m=100869\" target=\"_blank\" rel=\"sponsored\">AMOBELEZA BR<\/a><\/p>\n","protected":false},"author":1,"featured_media":0,"comment_status":"closed","ping_status":"closed","sticky":false,"template":"","format":"standard","meta":{"footnotes":""},"categories":[2],"tags":[2040,22],"class_list":["post-79050","post","type-post","status-publish","format-standard","hentry","category-produtos","tag-283-90","tag-amobeleza-br"],"_links":{"self":[{"href":"https:\/\/jr1.com.br\/shopping\/wp-json\/wp\/v2\/posts\/79050","targetHints":{"allow":["GET"]}}],"collection":[{"href":"https:\/\/jr1.com.br\/shopping\/wp-json\/wp\/v2\/posts"}],"about":[{"href":"https:\/\/jr1.com.br\/shopping\/wp-json\/wp\/v2\/types\/post"}],"author":[{"embeddable":true,"href":"https:\/\/jr1.com.br\/shopping\/wp-json\/wp\/v2\/users\/1"}],"replies":[{"embeddable":true,"href":"https:\/\/jr1.com.br\/shopping\/wp-json\/wp\/v2\/comments?post=79050"}],"version-history":[{"count":0,"href":"https:\/\/jr1.com.br\/shopping\/wp-json\/wp\/v2\/posts\/79050\/revisions"}],"wp:attachment":[{"href":"https:\/\/jr1.com.br\/shopping\/wp-json\/wp\/v2\/media?parent=79050"}],"wp:term":[{"taxonomy":"category","embeddable":true,"href":"https:\/\/jr1.com.br\/shopping\/wp-json\/wp\/v2\/categories?post=79050"},{"taxonomy":"post_tag","embeddable":true,"href":"https:\/\/jr1.com.br\/shopping\/wp-json\/wp\/v2\/tags?post=79050"}],"curies":[{"name":"wp","href":"https:\/\/api.w.org\/{rel}","templated":true}]}}