{"id":79580,"date":"2026-03-24T11:39:33","date_gmt":"2026-03-24T11:39:33","guid":{"rendered":"https:\/\/jr1.com.br\/shopping\/2026\/03\/24\/mascara-de-tratamento-2-em-1-loreal-professionnel-serie-expert-scalp-advanced-500-ml\/"},"modified":"2026-03-24T11:39:33","modified_gmt":"2026-03-24T11:39:33","slug":"mascara-de-tratamento-2-em-1-loreal-professionnel-serie-expert-scalp-advanced-500-ml","status":"publish","type":"post","link":"https:\/\/jr1.com.br\/shopping\/2026\/03\/24\/mascara-de-tratamento-2-em-1-loreal-professionnel-serie-expert-scalp-advanced-500-ml\/","title":{"rendered":"M\u00e1scara de Tratamento 2 em 1 L&#8217;Or\u00e9al Professionnel Serie Expert Scalp Advanced 500 ml"},"content":{"rendered":"<h2>Cabelos<\/h2>\n<h3>O pre\u00e7o de M\u00e1scara de Tratamento 2 em 1 L&#8217;Or\u00e9al Professionnel Serie Expert Scalp Advanced 500 ml no dia acima especificado era de <strong>R$ 264.90<\/strong>.<\/h3>\n<p>Confira o pre\u00e7o atual aqui: <a href=\"https:\/\/www.awin1.com\/pclick.php?p=39025452960&#038;a=690303&#038;m=100869\" rel=\"noopener sponsored\"><img decoding=\"async\" src=\"https:\/\/ui.awin.com\/images\/upload\/merchant\/profile\/100869.png\" alt=\"M\u00e1scara de Tratamento 2 em 1 L'Or\u00e9al Professionnel Serie Expert Scalp Advanced 500 ml\" \/> &#8211; nas lojas AMOBELEZA BR<\/a><\/p>\n<p><img decoding=\"async\" src=\"https:\/\/amobeleza.vteximg.com.br\/arquivos\/ids\/241220_2\" alt=\"M\u00e1scara de Tratamento 2 em 1 L'Or\u00e9al Professionnel Serie Expert Scalp Advanced 500 ml\" \/><br \/>\nO ac\u00famulo de sebo e os desequil\u00edbrios na superf\u00edcie do couro cabeludo s\u00e3o causas comuns de diversos desconfortos capilares, como coceira, irrita\u00e7\u00e3o e at\u00e9 a quebra dos fios. Esse ciclo vicioso, muitas vezes dif\u00edcil de controlar, pode impactar a sa\u00fade do seu couro cabeludo e dos seus cabelos. \u00c9 hora de quebrar esse ciclo e restaurar o equil\u00edbrio da sua pele capilar com um tratamento eficaz. Com al\u00edvio instant\u00e2neo, este produto foi desenvolvido para limpar suavemente e acalmar o couro cabeludo sens\u00edvel. Sua f\u00f3rmula suave promove uma sensa\u00e7\u00e3o refrescante, proporcionando al\u00edvio imediato enquanto hidrata os fios, deixando-os mais macios, brilhantes e com aspecto saud\u00e1vel. Enriquecido com Niacinamida, um ativo da fam\u00edlia B3, este tratamento oferece propriedades reguladoras que ajudam a controlar o excesso de oleosidade e a restaurar a sa\u00fade do couro cabeludo, sem agredir. A Niacinamida tamb\u00e9m tem propriedades reconfortantes, que reduzem a sensa\u00e7\u00e3o de desconforto, promovendo uma sensa\u00e7\u00e3o de frescor e bem-estar duradouro.<\/p>\n<h4>Aproveite e pesquise o pre\u00e7o deste produto em dezenas de lojas dos marketplaces abaixo:<\/h4>\n<p><a href=\"https:\/\/www.magazinevoce.com.br\/magazineezu\/busca\/M\u00e1scara de Tratamento 2 em 1 L'Or\u00e9al Professionnel Serie Expert Scalp Advanced 500 ml\/\" target=\"_blank\" rel=\"noopener\"><img decoding=\"async\" src=\"https:\/\/mvc.mlcdn.com.br\/ad\/2503_superofertas.png\" alt=\"Pesquise no Magazine eZu\" \/> &#8211; da Parceria MAGALU<\/a>.<\/p>\n<p>Ainda n\u00e3o encontrou a melhor op\u00e7\u00e3o de compra? Oferecemos mais uma possibilidade de <strong>busca<\/strong> mais ampla para <a href=\"https:\/\/ecompare.com.br\/lojas\/resultados-da-pesquisa\/?q=M\u00e1scara de Tratamento 2 em 1 L'Or\u00e9al Professionnel Serie Expert Scalp Advanced 500 ml#gsc.tab=0&amp;gsc.q=M\u00e1scara de Tratamento 2 em 1 L'Or\u00e9al Professionnel Serie Expert Scalp Advanced 500 ml&amp;gsc.page=1\" target=\"_blank\" rel=\"noopener\">M\u00e1scara de Tratamento 2 em 1 L&#8217;Or\u00e9al Professionnel Serie Expert Scalp Advanced 500 ml, clique e continue <strong>pesquisando&#8230;<\/strong><\/a><\/p>\n<hr \/>\n","protected":false},"excerpt":{"rendered":"<p>R$ 264.90 nas lojas <a href=\"https:\/\/www.awin1.com\/pclick.php?p=39025452960&#038;a=690303&#038;m=100869\" target=\"_blank\" rel=\"sponsored\">AMOBELEZA BR<\/a><\/p>\n","protected":false},"author":1,"featured_media":0,"comment_status":"closed","ping_status":"closed","sticky":false,"template":"","format":"standard","meta":{"footnotes":""},"categories":[2],"tags":[1910,22],"class_list":["post-79580","post","type-post","status-publish","format-standard","hentry","category-produtos","tag-264-90","tag-amobeleza-br"],"_links":{"self":[{"href":"https:\/\/jr1.com.br\/shopping\/wp-json\/wp\/v2\/posts\/79580","targetHints":{"allow":["GET"]}}],"collection":[{"href":"https:\/\/jr1.com.br\/shopping\/wp-json\/wp\/v2\/posts"}],"about":[{"href":"https:\/\/jr1.com.br\/shopping\/wp-json\/wp\/v2\/types\/post"}],"author":[{"embeddable":true,"href":"https:\/\/jr1.com.br\/shopping\/wp-json\/wp\/v2\/users\/1"}],"replies":[{"embeddable":true,"href":"https:\/\/jr1.com.br\/shopping\/wp-json\/wp\/v2\/comments?post=79580"}],"version-history":[{"count":0,"href":"https:\/\/jr1.com.br\/shopping\/wp-json\/wp\/v2\/posts\/79580\/revisions"}],"wp:attachment":[{"href":"https:\/\/jr1.com.br\/shopping\/wp-json\/wp\/v2\/media?parent=79580"}],"wp:term":[{"taxonomy":"category","embeddable":true,"href":"https:\/\/jr1.com.br\/shopping\/wp-json\/wp\/v2\/categories?post=79580"},{"taxonomy":"post_tag","embeddable":true,"href":"https:\/\/jr1.com.br\/shopping\/wp-json\/wp\/v2\/tags?post=79580"}],"curies":[{"name":"wp","href":"https:\/\/api.w.org\/{rel}","templated":true}]}}