{"id":80092,"date":"2026-03-09T15:26:02","date_gmt":"2026-03-09T15:26:02","guid":{"rendered":"https:\/\/jr1.com.br\/shopping\/2026\/03\/09\/base-compacta-2-em-1-avene-haute-protection-fps-50-sable-10-g\/"},"modified":"2026-03-09T15:26:02","modified_gmt":"2026-03-09T15:26:02","slug":"base-compacta-2-em-1-avene-haute-protection-fps-50-sable-10-g","status":"publish","type":"post","link":"https:\/\/jr1.com.br\/shopping\/2026\/03\/09\/base-compacta-2-em-1-avene-haute-protection-fps-50-sable-10-g\/","title":{"rendered":"Base Compacta 2 em 1 Av\u00e8ne Haute Protection FPS 50 Sable 10 g"},"content":{"rendered":"<h2>Maquiagem<\/h2>\n<h3>O pre\u00e7o de Base Compacta 2 em 1 Av\u00e8ne Haute Protection FPS 50 Sable 10 g no dia acima especificado era de <strong>R$ 184.99<\/strong>.<\/h3>\n<p>Confira o pre\u00e7o atual aqui: <a href=\"https:\/\/www.awin1.com\/pclick.php?p=39025453535&#038;a=690303&#038;m=100869\" rel=\"noopener sponsored\"><img decoding=\"async\" src=\"https:\/\/ui.awin.com\/images\/upload\/merchant\/profile\/100869.png\" alt=\"Base Compacta 2 em 1 Av\u00e8ne Haute Protection FPS 50 Sable 10 g\" \/> &#8211; nas lojas AMOBELEZA BR<\/a><\/p>\n<p><img decoding=\"async\" src=\"https:\/\/amobeleza.vteximg.com.br\/arquivos\/ids\/285308_2\" alt=\"Base Compacta 2 em 1 Av\u00e8ne Haute Protection FPS 50 Sable 10 g\" \/><br \/>\nA Base Compacta 2 em 1 Av\u00e8ne Haute Protection FPS 50 Sable cont\u00e9m 10 gramas, uniformiza a pele, camufla as imperfei\u00e7\u00f5es, protege a pele de maneira eficaz, com a\u00e7\u00e3o anti oleosidade. A Base impede a entrada dos raios UVA\/UVB, que aceleram o processo de envelhecimento precoce, enquanto mant\u00e9m o toque seco, al\u00e9m de ter a\u00e7\u00e3o preventiva no combate \u00e0 pigmenta\u00e7\u00e3o induzida pela luz vis\u00edvel. Base Compacta em P\u00f3 2 em 1 para peles claras. A cor, al\u00e9m de uniformizar a pele, confere alta prote\u00e7\u00e3o solar ao DNA, contra a\u00e7\u00e3o dos radicais livres, seu aliado que combina o skincare di\u00e1rio \u00e0 maquiagem. Sem filtros qu\u00edmicos, sem parabenos, sem perfume, muito resistente \u00e0 \u00e1gua. Benef\u00edcios: Alta cobertura; Uniformiza a pele; Camufla as imperfei\u00e7\u00f5es; Prote\u00e7\u00e3o UVB e UVA; Resistente \u00e0 \u00e1gua. Modo de usar: Coloque a Base Compacta na esponja que o acompanha. Aplique sobre o rosto de maneira uniforme. Reaplique sempre que achar necess\u00e1rio.<\/p>\n<h4>Aproveite e pesquise o pre\u00e7o deste produto em dezenas de lojas dos marketplaces abaixo:<\/h4>\n<p><a href=\"https:\/\/www.magazinevoce.com.br\/magazineezu\/busca\/Base Compacta 2 em 1 Av\u00e8ne Haute Protection FPS 50 Sable 10 g\/\" target=\"_blank\" rel=\"noopener\"><img decoding=\"async\" src=\"https:\/\/mvc.mlcdn.com.br\/ad\/2503_superofertas.png\" alt=\"Pesquise no Magazine eZu\" \/> &#8211; da Parceria MAGALU<\/a>.<\/p>\n<p>Ainda n\u00e3o encontrou a melhor op\u00e7\u00e3o de compra? Oferecemos mais uma possibilidade de <strong>busca<\/strong> mais ampla para <a href=\"https:\/\/ecompare.com.br\/lojas\/resultados-da-pesquisa\/?q=Base Compacta 2 em 1 Av\u00e8ne Haute Protection FPS 50 Sable 10 g#gsc.tab=0&amp;gsc.q=Base Compacta 2 em 1 Av\u00e8ne Haute Protection FPS 50 Sable 10 g&amp;gsc.page=1\" target=\"_blank\" rel=\"noopener\">Base Compacta 2 em 1 Av\u00e8ne Haute Protection FPS 50 Sable 10 g, clique e continue <strong>pesquisando&#8230;<\/strong><\/a><\/p>\n<hr \/>\n","protected":false},"excerpt":{"rendered":"<p>R$ 184.99 nas lojas <a href=\"https:\/\/www.awin1.com\/pclick.php?p=39025453535&#038;a=690303&#038;m=100869\" target=\"_blank\" rel=\"sponsored\">AMOBELEZA BR<\/a><\/p>\n","protected":false},"author":1,"featured_media":0,"comment_status":"closed","ping_status":"closed","sticky":false,"template":"","format":"standard","meta":{"footnotes":""},"categories":[2],"tags":[2408,22],"class_list":["post-80092","post","type-post","status-publish","format-standard","hentry","category-produtos","tag-184-99","tag-amobeleza-br"],"_links":{"self":[{"href":"https:\/\/jr1.com.br\/shopping\/wp-json\/wp\/v2\/posts\/80092","targetHints":{"allow":["GET"]}}],"collection":[{"href":"https:\/\/jr1.com.br\/shopping\/wp-json\/wp\/v2\/posts"}],"about":[{"href":"https:\/\/jr1.com.br\/shopping\/wp-json\/wp\/v2\/types\/post"}],"author":[{"embeddable":true,"href":"https:\/\/jr1.com.br\/shopping\/wp-json\/wp\/v2\/users\/1"}],"replies":[{"embeddable":true,"href":"https:\/\/jr1.com.br\/shopping\/wp-json\/wp\/v2\/comments?post=80092"}],"version-history":[{"count":0,"href":"https:\/\/jr1.com.br\/shopping\/wp-json\/wp\/v2\/posts\/80092\/revisions"}],"wp:attachment":[{"href":"https:\/\/jr1.com.br\/shopping\/wp-json\/wp\/v2\/media?parent=80092"}],"wp:term":[{"taxonomy":"category","embeddable":true,"href":"https:\/\/jr1.com.br\/shopping\/wp-json\/wp\/v2\/categories?post=80092"},{"taxonomy":"post_tag","embeddable":true,"href":"https:\/\/jr1.com.br\/shopping\/wp-json\/wp\/v2\/tags?post=80092"}],"curies":[{"name":"wp","href":"https:\/\/api.w.org\/{rel}","templated":true}]}}