{"id":8020,"date":"2025-09-05T10:27:20","date_gmt":"2025-09-05T10:27:20","guid":{"rendered":"https:\/\/jr1.com.br\/shopping\/2025\/09\/05\/mesa-de-cabeceira-2-gavetas-com-pes-palito-em-madeira-branco-38605492679\/"},"modified":"2025-09-05T10:27:20","modified_gmt":"2025-09-05T10:27:20","slug":"mesa-de-cabeceira-2-gavetas-com-pes-palito-em-madeira-branco-38605492679","status":"publish","type":"post","link":"https:\/\/jr1.com.br\/shopping\/2025\/09\/05\/mesa-de-cabeceira-2-gavetas-com-pes-palito-em-madeira-branco-38605492679\/","title":{"rendered":"Mesa de Cabeceira 2 Gavetas com P\u00e9s Palito em Madeira &#8211; Branco &#8211; 38605492679"},"content":{"rendered":"<h2><\/h2>\n<h3>O pre\u00e7o de Mesa de Cabeceira 2 Gavetas com P\u00e9s Palito em Madeira &#8211; Branco no dia acima especificado era de <strong>R$ 275.67<\/strong>.<\/h3>\n<p>Confira o pre\u00e7o atual aqui: <a href=\"https:\/\/www.casatema.com.br\/mesa-de-cabeceira-2-gavetas-com-pes-palito-em-madeira---branco-00006067\/p?idsku=1922207611?utm_source=awin&#038;utm_medium=aff&#038;utm_campaign=690303&#038;utm_content=u1&#038;utm_term=&#038;sv1=affiliate&#038;sv_campaign_id=690303&#038;awc=64882_1747143695_604e9a136a087f3da65a6e07584fd7f3\" target=\"_blank\" rel=\"noopener sponsored\"><img decoding=\"async\" src=\"https:\/\/ui.awin.com\/images\/upload\/merchant\/profile\/100453.png\" alt=\"Mesa de Cabeceira 2 Gavetas com P\u00e9s Palito em Madeira - Branco\" \/> &#8211; nas lojas  Casa Tema BR<\/a><\/p>\n<p><img decoding=\"async\" src=\"https:\/\/casatema.vteximg.com.br\/arquivos\/ids\/825470_2\" alt=\"Mesa de Cabeceira 2 Gavetas com P\u00e9s Palito em Madeira - Branco\" \/><br \/>\nMesa de Cabeceira 2 Gavetas com P\u00e9s Palito em Madeira &#8211; BrancoDecore seu quarto com a Mesa de Cabeceira 2 Gavetas com P\u00e9s Palito em Madeira &#8211; Branco M\u00f3vel Bento com 2 gavetas, \u00e9 feita para quem curte uma decora\u00e7\u00e3o descontra\u00edda e viva. Estrutura em MDP, fornecendo melhor resist\u00eancia \u00e0 empenamentos, impactos e maior estabilidade. Acabamento com pintura uv, trazendo beleza e maior resist\u00eancia ao produto.Caracter\u00edsticas &#8211; Branco.- Estrutura em MDP 15mm.- Acabamento: Pintura UV.- 02 Gavetas.- P\u00e9s palito em madeira maci\u00e7a.- M\u00f3vel entregue desmontado.Dimens\u00f5esAltura: 60 cmLargura: 50 cmProfundidade: 38 cmOutras Informa\u00e7\u00f5es- Montagem n\u00e3o inclusa.- Na limpeza n\u00e3o utilizar produtos qu\u00edmicos e abrasivos, usar apenas um pano umedecido, para garantir a maior durabilidade do m\u00f3vel. &#8211; Os objetos que ambientam as fotos n\u00e3o acompanham o produto. &#8211; Imagens meramente ilustrativas. Cores e tonalidades podem variar. &#8211; Antes de comprar o seu produto verifique as medidas, o local onde pretende instalar e se \u00e9 necess\u00e1rio contratar o servi\u00e7o de um profissional qualificado.<\/p>\n<h4>Aproveite e pesquise o pre\u00e7o deste produto em dezenas de lojas dos marketplaces abaixo:<\/h4>\n<p><a href=\"https:\/\/www.magazinevoce.com.br\/magazineezu\/busca\/Mesa de Cabeceira 2 Gavetas com P\u00e9s Palito em Madeira - Branco\/\" target=\"_blank\" rel=\"noopener\"><img decoding=\"async\" src=\"https:\/\/mvc.mlcdn.com.br\/ad\/2503_superofertas.png\" alt=\"Pesquise no Magazine eZu\" \/> &#8211; da Parceria MAGALU<\/a>.<\/p>\n<p>Ainda n\u00e3o encontrou a melhor op\u00e7\u00e3o de compra? Oferecemos mais uma possibilidade de <strong>busca<\/strong> mais ampla para <a href=\"https:\/\/ecompare.com.br\/lojas\/resultados-da-pesquisa\/?q=Mesa de Cabeceira 2 Gavetas com P\u00e9s Palito em Madeira - Branco#gsc.tab=0&amp;gsc.q=Mesa de Cabeceira 2 Gavetas com P\u00e9s Palito em Madeira - Branco&amp;gsc.page=1\" target=\"_blank\" rel=\"noopener\">Mesa de Cabeceira 2 Gavetas com P\u00e9s Palito em Madeira &#8211; Branco, clique e continue <strong>pesquisando&#8230;<\/strong><\/a><\/p>\n<hr \/>\n","protected":false},"excerpt":{"rendered":"<p>R$ 275.67 nas lojas <a href=\"https:\/\/www.awin1.com\/pclick.php?p=38605492679&#038;a=690303&#038;m=100453\" target=\"_blank\" rel=\"sponsored\">Casa Tema BR<\/a><\/p>\n","protected":false},"author":1,"featured_media":0,"comment_status":"closed","ping_status":"closed","sticky":false,"template":"","format":"standard","meta":{"footnotes":""},"categories":[2],"tags":[21],"class_list":["post-8020","post","type-post","status-publish","format-standard","hentry","category-produtos","tag-casa-tema-br"],"_links":{"self":[{"href":"https:\/\/jr1.com.br\/shopping\/wp-json\/wp\/v2\/posts\/8020","targetHints":{"allow":["GET"]}}],"collection":[{"href":"https:\/\/jr1.com.br\/shopping\/wp-json\/wp\/v2\/posts"}],"about":[{"href":"https:\/\/jr1.com.br\/shopping\/wp-json\/wp\/v2\/types\/post"}],"author":[{"embeddable":true,"href":"https:\/\/jr1.com.br\/shopping\/wp-json\/wp\/v2\/users\/1"}],"replies":[{"embeddable":true,"href":"https:\/\/jr1.com.br\/shopping\/wp-json\/wp\/v2\/comments?post=8020"}],"version-history":[{"count":0,"href":"https:\/\/jr1.com.br\/shopping\/wp-json\/wp\/v2\/posts\/8020\/revisions"}],"wp:attachment":[{"href":"https:\/\/jr1.com.br\/shopping\/wp-json\/wp\/v2\/media?parent=8020"}],"wp:term":[{"taxonomy":"category","embeddable":true,"href":"https:\/\/jr1.com.br\/shopping\/wp-json\/wp\/v2\/categories?post=8020"},{"taxonomy":"post_tag","embeddable":true,"href":"https:\/\/jr1.com.br\/shopping\/wp-json\/wp\/v2\/tags?post=8020"}],"curies":[{"name":"wp","href":"https:\/\/api.w.org\/{rel}","templated":true}]}}