{"id":80211,"date":"2026-03-09T05:25:29","date_gmt":"2026-03-09T05:25:29","guid":{"rendered":"https:\/\/jr1.com.br\/shopping\/2026\/03\/09\/leave-in-loreal-professionnel-absolut-repair-molecular-100-ml\/"},"modified":"2026-03-09T05:25:29","modified_gmt":"2026-03-09T05:25:29","slug":"leave-in-loreal-professionnel-absolut-repair-molecular-100-ml","status":"publish","type":"post","link":"https:\/\/jr1.com.br\/shopping\/2026\/03\/09\/leave-in-loreal-professionnel-absolut-repair-molecular-100-ml\/","title":{"rendered":"Leave-in L&#8217;Or\u00e9al Professionnel Absolut Repair Molecular 100 ml"},"content":{"rendered":"<h2>Cabelos<\/h2>\n<h3>O pre\u00e7o de Leave-in L&#8217;Or\u00e9al Professionnel Absolut Repair Molecular 100 ml no dia acima especificado era de <strong>R$ 235.00<\/strong>.<\/h3>\n<p>Confira o pre\u00e7o atual aqui: <a href=\"https:\/\/www.awin1.com\/pclick.php?p=39025453681&#038;a=690303&#038;m=100869\" rel=\"noopener sponsored\"><img decoding=\"async\" src=\"https:\/\/ui.awin.com\/images\/upload\/merchant\/profile\/100869.png\" alt=\"Leave-in L'Or\u00e9al Professionnel Absolut Repair Molecular 100 ml\" \/> &#8211; nas lojas AMOBELEZA BR<\/a><\/p>\n<p><img decoding=\"async\" src=\"https:\/\/amobeleza.vteximg.com.br\/arquivos\/ids\/251847_2\" alt=\"Leave-in L'Or\u00e9al Professionnel Absolut Repair Molecular 100 ml\" \/><br \/>\nO Leave-in L&#8217;Or\u00e9al Professionnel Absolut Repair Molecular com 100 ml, repara a estrutura macromolecular dos cabelos em at\u00e9 2 anos de danos capilares, proporciona maciez, brilho, protege das agress\u00f5es externas e do calor de at\u00e9 230\u00b0C, oferece 97% mais for\u00e7a, elasticidade e o movimento dos cabelos. Leave-in para todos os tipos de cabelo, danificados e muito danificados. Sua f\u00f3rmula leve, com textura em creme de r\u00e1pida absor\u00e7\u00e3o penetra instantaneamente na fibra capilar. Com tecnologia exclusiva do concentrado de 2% Ligantes Pept\u00eddicos + 5 Amino\u00e1cidos que decomp\u00f5e os pept\u00eddeos em seus componentes fundamentais e s\u00e3o injetados na fibra capilar. Essa a\u00e7\u00e3o revolucion\u00e1ria de L&#8217;Or\u00e9al resulta na reconstru\u00e7\u00e3o completa da estrutura molecular do cabelo com maciez e brilho Benef\u00edcios: 97% mais for\u00e7a; Prote\u00e7\u00e3o T\u00e9rmica de at\u00e9 230\u00b0 R\u00e1pida Absor\u00e7\u00e3o; Brilho; Maciez; Elasticidade; Repara at\u00e9 2 anos de danos capilares; Reconstr\u00f3i a estrutura molecular do cabelo. Modo de usar: Desembarace o cabelo, depois de seco com a toalha. Divida o cabelo ao meio e utilize 1 pump para cada mecha. Distribua o Leave-in uniformemente do comprimento \u00e0s pontas. Seque o cabelo naturalmente ou com secador. N\u00e3o \u00e9 necess\u00e1rio enxaguar.<\/p>\n<h4>Aproveite e pesquise o pre\u00e7o deste produto em dezenas de lojas dos marketplaces abaixo:<\/h4>\n<p><a href=\"https:\/\/www.magazinevoce.com.br\/magazineezu\/busca\/Leave-in L'Or\u00e9al Professionnel Absolut Repair Molecular 100 ml\/\" target=\"_blank\" rel=\"noopener\"><img decoding=\"async\" src=\"https:\/\/mvc.mlcdn.com.br\/ad\/2503_superofertas.png\" alt=\"Pesquise no Magazine eZu\" \/> &#8211; da Parceria MAGALU<\/a>.<\/p>\n<p>Ainda n\u00e3o encontrou a melhor op\u00e7\u00e3o de compra? Oferecemos mais uma possibilidade de <strong>busca<\/strong> mais ampla para <a href=\"https:\/\/ecompare.com.br\/lojas\/resultados-da-pesquisa\/?q=Leave-in L'Or\u00e9al Professionnel Absolut Repair Molecular 100 ml#gsc.tab=0&amp;gsc.q=Leave-in L'Or\u00e9al Professionnel Absolut Repair Molecular 100 ml&amp;gsc.page=1\" target=\"_blank\" rel=\"noopener\">Leave-in L&#8217;Or\u00e9al Professionnel Absolut Repair Molecular 100 ml, clique e continue <strong>pesquisando&#8230;<\/strong><\/a><\/p>\n<hr \/>\n","protected":false},"excerpt":{"rendered":"<p>R$ 235.00 nas lojas <a href=\"https:\/\/www.awin1.com\/pclick.php?p=39025453681&#038;a=690303&#038;m=100869\" target=\"_blank\" rel=\"sponsored\">AMOBELEZA BR<\/a><\/p>\n","protected":false},"author":1,"featured_media":0,"comment_status":"closed","ping_status":"closed","sticky":false,"template":"","format":"standard","meta":{"footnotes":""},"categories":[2],"tags":[2017,22],"class_list":["post-80211","post","type-post","status-publish","format-standard","hentry","category-produtos","tag-235-00","tag-amobeleza-br"],"_links":{"self":[{"href":"https:\/\/jr1.com.br\/shopping\/wp-json\/wp\/v2\/posts\/80211","targetHints":{"allow":["GET"]}}],"collection":[{"href":"https:\/\/jr1.com.br\/shopping\/wp-json\/wp\/v2\/posts"}],"about":[{"href":"https:\/\/jr1.com.br\/shopping\/wp-json\/wp\/v2\/types\/post"}],"author":[{"embeddable":true,"href":"https:\/\/jr1.com.br\/shopping\/wp-json\/wp\/v2\/users\/1"}],"replies":[{"embeddable":true,"href":"https:\/\/jr1.com.br\/shopping\/wp-json\/wp\/v2\/comments?post=80211"}],"version-history":[{"count":0,"href":"https:\/\/jr1.com.br\/shopping\/wp-json\/wp\/v2\/posts\/80211\/revisions"}],"wp:attachment":[{"href":"https:\/\/jr1.com.br\/shopping\/wp-json\/wp\/v2\/media?parent=80211"}],"wp:term":[{"taxonomy":"category","embeddable":true,"href":"https:\/\/jr1.com.br\/shopping\/wp-json\/wp\/v2\/categories?post=80211"},{"taxonomy":"post_tag","embeddable":true,"href":"https:\/\/jr1.com.br\/shopping\/wp-json\/wp\/v2\/tags?post=80211"}],"curies":[{"name":"wp","href":"https:\/\/api.w.org\/{rel}","templated":true}]}}