{"id":80346,"date":"2026-03-04T07:38:40","date_gmt":"2026-03-04T07:38:40","guid":{"rendered":"https:\/\/jr1.com.br\/shopping\/2026\/03\/04\/pomada-modeladora-em-po-k-pro-professional-powder-lift-15-g\/"},"modified":"2026-03-04T07:38:40","modified_gmt":"2026-03-04T07:38:40","slug":"pomada-modeladora-em-po-k-pro-professional-powder-lift-15-g","status":"publish","type":"post","link":"https:\/\/jr1.com.br\/shopping\/2026\/03\/04\/pomada-modeladora-em-po-k-pro-professional-powder-lift-15-g\/","title":{"rendered":"Pomada Modeladora em P\u00f3 K.Pro Professional Powder Lift 15 g"},"content":{"rendered":"<h2>Cabelos<\/h2>\n<h3>O pre\u00e7o de Pomada Modeladora em P\u00f3 K.Pro Professional Powder Lift 15 g no dia acima especificado era de <strong>R$ 71.70<\/strong>.<\/h3>\n<p>Confira o pre\u00e7o atual aqui: <a href=\"https:\/\/www.awin1.com\/pclick.php?p=39025453788&#038;a=690303&#038;m=100869\" rel=\"noopener sponsored\"><img decoding=\"async\" src=\"https:\/\/ui.awin.com\/images\/upload\/merchant\/profile\/100869.png\" alt=\"Pomada Modeladora em P\u00f3 K.Pro Professional Powder Lift 15 g\" \/> &#8211; nas lojas AMOBELEZA BR<\/a><\/p>\n<p><img decoding=\"async\" src=\"https:\/\/amobeleza.vteximg.com.br\/arquivos\/ids\/253431_2\" alt=\"Pomada Modeladora em P\u00f3 K.Pro Professional Powder Lift 15 g\" \/><br \/>\nPomada modeladora e finalizadora, para estruturar e sustentar diversos tipos de penteados e cortes de cabelos. Sua textura em p\u00f3, facilita a aplica\u00e7\u00e3o, proporciona volume e total flexibilidade no preparo do penteado. Pode ser aplicado na barba. Em cabelo seco, o resultado ser\u00e1 natural e opaco, no cabelo molhado o resultado ser\u00e1 um brilho suave.<\/p>\n<h4>Aproveite e pesquise o pre\u00e7o deste produto em dezenas de lojas dos marketplaces abaixo:<\/h4>\n<p><a href=\"https:\/\/www.magazinevoce.com.br\/magazineezu\/busca\/Pomada Modeladora em P\u00f3 K.Pro Professional Powder Lift 15 g\/\" target=\"_blank\" rel=\"noopener\"><img decoding=\"async\" src=\"https:\/\/mvc.mlcdn.com.br\/ad\/2503_superofertas.png\" alt=\"Pesquise no Magazine eZu\" \/> &#8211; da Parceria MAGALU<\/a>.<\/p>\n<p>Ainda n\u00e3o encontrou a melhor op\u00e7\u00e3o de compra? Oferecemos mais uma possibilidade de <strong>busca<\/strong> mais ampla para <a href=\"https:\/\/ecompare.com.br\/lojas\/resultados-da-pesquisa\/?q=Pomada Modeladora em P\u00f3 K.Pro Professional Powder Lift 15 g#gsc.tab=0&amp;gsc.q=Pomada Modeladora em P\u00f3 K.Pro Professional Powder Lift 15 g&amp;gsc.page=1\" target=\"_blank\" rel=\"noopener\">Pomada Modeladora em P\u00f3 K.Pro Professional Powder Lift 15 g, clique e continue <strong>pesquisando&#8230;<\/strong><\/a><\/p>\n<hr \/>\n","protected":false},"excerpt":{"rendered":"<p>R$ 71.70 nas lojas <a href=\"https:\/\/www.awin1.com\/pclick.php?p=39025453788&#038;a=690303&#038;m=100869\" target=\"_blank\" rel=\"sponsored\">AMOBELEZA BR<\/a><\/p>\n","protected":false},"author":1,"featured_media":0,"comment_status":"closed","ping_status":"closed","sticky":false,"template":"","format":"standard","meta":{"footnotes":""},"categories":[2],"tags":[2478,22],"class_list":["post-80346","post","type-post","status-publish","format-standard","hentry","category-produtos","tag-71-70","tag-amobeleza-br"],"_links":{"self":[{"href":"https:\/\/jr1.com.br\/shopping\/wp-json\/wp\/v2\/posts\/80346","targetHints":{"allow":["GET"]}}],"collection":[{"href":"https:\/\/jr1.com.br\/shopping\/wp-json\/wp\/v2\/posts"}],"about":[{"href":"https:\/\/jr1.com.br\/shopping\/wp-json\/wp\/v2\/types\/post"}],"author":[{"embeddable":true,"href":"https:\/\/jr1.com.br\/shopping\/wp-json\/wp\/v2\/users\/1"}],"replies":[{"embeddable":true,"href":"https:\/\/jr1.com.br\/shopping\/wp-json\/wp\/v2\/comments?post=80346"}],"version-history":[{"count":0,"href":"https:\/\/jr1.com.br\/shopping\/wp-json\/wp\/v2\/posts\/80346\/revisions"}],"wp:attachment":[{"href":"https:\/\/jr1.com.br\/shopping\/wp-json\/wp\/v2\/media?parent=80346"}],"wp:term":[{"taxonomy":"category","embeddable":true,"href":"https:\/\/jr1.com.br\/shopping\/wp-json\/wp\/v2\/categories?post=80346"},{"taxonomy":"post_tag","embeddable":true,"href":"https:\/\/jr1.com.br\/shopping\/wp-json\/wp\/v2\/tags?post=80346"}],"curies":[{"name":"wp","href":"https:\/\/api.w.org\/{rel}","templated":true}]}}