{"id":8109,"date":"2025-08-29T12:31:28","date_gmt":"2025-08-29T12:31:28","guid":{"rendered":"https:\/\/jr1.com.br\/shopping\/2025\/08\/29\/mesa-de-canto-retro-1-gaveta-com-pes-em-madeira-preta-38605492288\/"},"modified":"2025-08-29T12:31:28","modified_gmt":"2025-08-29T12:31:28","slug":"mesa-de-canto-retro-1-gaveta-com-pes-em-madeira-preta-38605492288","status":"publish","type":"post","link":"https:\/\/jr1.com.br\/shopping\/2025\/08\/29\/mesa-de-canto-retro-1-gaveta-com-pes-em-madeira-preta-38605492288\/","title":{"rendered":"Mesa de Canto Retr\u00f4 1 Gaveta com P\u00e9s em Madeira &#8211; Preta &#8211; 38605492288"},"content":{"rendered":"<h2><\/h2>\n<h3>O pre\u00e7o de Mesa de Canto Retr\u00f4 1 Gaveta com P\u00e9s em Madeira &#8211; Preta no dia acima especificado era de <strong>R$ 204.20<\/strong>.<\/h3>\n<p>Confira o pre\u00e7o atual aqui: <a href=\"https:\/\/www.casatema.com.br\/mesa-de-canto-retro-1-gaveta-com-pes-em-madeira---preta-00010516\/p?idsku=2035634760?utm_source=awin&#038;utm_medium=aff&#038;utm_campaign=690303&#038;utm_content=u1&#038;utm_term=&#038;sv1=affiliate&#038;sv_campaign_id=690303&#038;awc=64882_1747143695_604e9a136a087f3da65a6e07584fd7f3\" target=\"_blank\" rel=\"noopener sponsored\"><img decoding=\"async\" src=\"https:\/\/ui.awin.com\/images\/upload\/merchant\/profile\/100453.png\" alt=\"Mesa de Canto Retr\u00f4 1 Gaveta com P\u00e9s em Madeira - Preta\" \/> &#8211; nas lojas  Casa Tema BR<\/a><\/p>\n<p><img decoding=\"async\" src=\"https:\/\/casatema.vteximg.com.br\/arquivos\/ids\/752548_2\" alt=\"Mesa de Canto Retr\u00f4 1 Gaveta com P\u00e9s em Madeira - Preta\" \/><br \/>\nMesa de Canto Retr\u00f4 1 Gaveta com P\u00e9s em Madeira Preto &#8211; M\u00f3vel Bento A Mesa de Canto Retr\u00f4 \u00e9 estilosa e despojada. Seguindo o design antigo inovador, ir\u00e1 contemplar sua sala no mais alto padr\u00e3o de decora\u00e7\u00e3o, al\u00e9m de causar aquela boa impress\u00e3o aos convidados. A versatilidade \u00e9 tudo nesse m\u00f3vel, se encaixa perfeitamente ao canto da sala de estar ou jantar, muito \u00fatil como Mesa de Cabeceira, perfeita no escrit\u00f3rio e de muita beleza para a varanda gourmet. Com 1 gaveta para voc\u00ea guardar pequenos objetos. A cor preta \u00e9 coringa, combina com qualquer estilo de decora\u00e7\u00e3o. Os p\u00e9s s\u00e3o torneados em madeira levemente inclinados, a estrutura em MDP e acabamento UV.MDP Formado por tr\u00eas camadas de part\u00edculas de madeira, uma mais grossa no meio e duas finas nas superf\u00edcies. Esse tipo de composi\u00e7\u00e3o faz com que o produto tenha uma maior resist\u00eancia estrutural, fazendo com que aguente mais peso, apesar de ser mais leve que o MDF. J\u00e1 o MDP \u00e9 mais utilizado em m\u00f3veis de espessura grossa, pois ele \u00e9 mais leve e tem uma boa estrutura, aguentando mais peso. Outra vantagem \u00e9 que ele \u00e9 mais resistente \u00e0 umidade.Garantia 03 Meses para defeito de fabrica\u00e7\u00e3o de F\u00e1bricaCaracter\u00edsticas &#8211; Cor: Preto.- Estrutura: MDP.- Acabamento: UV.- 1 Gaveta.- Corredi\u00e7as met\u00e1licas.- 4 P\u00e9s torneados em madeira.- Peso suportado: 20 kg.- Marca M\u00f3vel Bento.Dimens\u00f5esPeso: 8 Kg.Altura: 60 cmLargura: 40 cmProfundidade: 38 cmImportante- A montagem n\u00e3o inclusa. &#8211; Na limpeza n\u00e3o utilizar produtos qu\u00edmicos e abrasivos, usar apenas um pano levemente umedecido e secar, com pano seco para garantir maior durabilidade da pe\u00e7a.- Os objetos que ambientam as fotos n\u00e3o acompanham o produto.- Imagens meramente ilustrativas. Cores e tonalidades podem variar.- Antes de comprar o seu produto verifique as medidas, o local onde pretende instalar e se \u00e9 necess\u00e1rio contratar o servi\u00e7o de um profissional qualificado.<\/p>\n<h4>Aproveite e pesquise o pre\u00e7o deste produto em dezenas de lojas dos marketplaces abaixo:<\/h4>\n<p><a href=\"https:\/\/www.magazinevoce.com.br\/magazineezu\/busca\/Mesa de Canto Retr\u00f4 1 Gaveta com P\u00e9s em Madeira - Preta\/\" target=\"_blank\" rel=\"noopener\"><img decoding=\"async\" src=\"https:\/\/mvc.mlcdn.com.br\/ad\/2503_superofertas.png\" alt=\"Pesquise no Magazine eZu\" \/> &#8211; da Parceria MAGALU<\/a>.<\/p>\n<p>Ainda n\u00e3o encontrou a melhor op\u00e7\u00e3o de compra? Oferecemos mais uma possibilidade de <strong>busca<\/strong> mais ampla para <a href=\"https:\/\/ecompare.com.br\/lojas\/resultados-da-pesquisa\/?q=Mesa de Canto Retr\u00f4 1 Gaveta com P\u00e9s em Madeira - Preta#gsc.tab=0&amp;gsc.q=Mesa de Canto Retr\u00f4 1 Gaveta com P\u00e9s em Madeira - Preta&amp;gsc.page=1\" target=\"_blank\" rel=\"noopener\">Mesa de Canto Retr\u00f4 1 Gaveta com P\u00e9s em Madeira &#8211; Preta, clique e continue <strong>pesquisando&#8230;<\/strong><\/a><\/p>\n<hr \/>\n","protected":false},"excerpt":{"rendered":"<p>R$ 204.20 nas lojas <a href=\"https:\/\/www.awin1.com\/pclick.php?p=38605492288&#038;a=690303&#038;m=100453\" target=\"_blank\" rel=\"sponsored\">Casa Tema BR<\/a><\/p>\n","protected":false},"author":1,"featured_media":0,"comment_status":"closed","ping_status":"closed","sticky":false,"template":"","format":"standard","meta":{"footnotes":""},"categories":[2],"tags":[21],"class_list":["post-8109","post","type-post","status-publish","format-standard","hentry","category-produtos","tag-casa-tema-br"],"_links":{"self":[{"href":"https:\/\/jr1.com.br\/shopping\/wp-json\/wp\/v2\/posts\/8109","targetHints":{"allow":["GET"]}}],"collection":[{"href":"https:\/\/jr1.com.br\/shopping\/wp-json\/wp\/v2\/posts"}],"about":[{"href":"https:\/\/jr1.com.br\/shopping\/wp-json\/wp\/v2\/types\/post"}],"author":[{"embeddable":true,"href":"https:\/\/jr1.com.br\/shopping\/wp-json\/wp\/v2\/users\/1"}],"replies":[{"embeddable":true,"href":"https:\/\/jr1.com.br\/shopping\/wp-json\/wp\/v2\/comments?post=8109"}],"version-history":[{"count":0,"href":"https:\/\/jr1.com.br\/shopping\/wp-json\/wp\/v2\/posts\/8109\/revisions"}],"wp:attachment":[{"href":"https:\/\/jr1.com.br\/shopping\/wp-json\/wp\/v2\/media?parent=8109"}],"wp:term":[{"taxonomy":"category","embeddable":true,"href":"https:\/\/jr1.com.br\/shopping\/wp-json\/wp\/v2\/categories?post=8109"},{"taxonomy":"post_tag","embeddable":true,"href":"https:\/\/jr1.com.br\/shopping\/wp-json\/wp\/v2\/tags?post=8109"}],"curies":[{"name":"wp","href":"https:\/\/api.w.org\/{rel}","templated":true}]}}