{"id":81558,"date":"2026-03-02T02:00:18","date_gmt":"2026-03-02T02:00:18","guid":{"rendered":"https:\/\/jr1.com.br\/shopping\/2026\/03\/02\/alfaparf-milano-professional-semi-di-lino-reparative-cream-leave-in-125ml\/"},"modified":"2026-03-02T02:00:18","modified_gmt":"2026-03-02T02:00:18","slug":"alfaparf-milano-professional-semi-di-lino-reparative-cream-leave-in-125ml","status":"publish","type":"post","link":"https:\/\/jr1.com.br\/shopping\/2026\/03\/02\/alfaparf-milano-professional-semi-di-lino-reparative-cream-leave-in-125ml\/","title":{"rendered":"Alfaparf Milano Professional Semi Di Lino Reparative Cream Leave-In 125ml"},"content":{"rendered":"<h2>Cabelos<\/h2>\n<h3>O pre\u00e7o de Alfaparf Milano Professional Semi Di Lino Reparative Cream Leave-In 125ml no dia acima especificado era de <strong>R$ 148.90<\/strong>.<\/h3>\n<p>Confira o pre\u00e7o atual aqui: <a href=\"https:\/\/www.awin1.com\/pclick.php?p=41158366894&#038;a=690303&#038;m=100869\" rel=\"noopener sponsored\"><img decoding=\"async\" src=\"https:\/\/ui.awin.com\/images\/upload\/merchant\/profile\/100869.png\" alt=\"Alfaparf Milano Professional Semi Di Lino Reparative Cream Leave-In 125ml\" \/> &#8211; nas lojas AMOBELEZA BR<\/a><\/p>\n<p><img decoding=\"async\" src=\"https:\/\/amobeleza.vteximg.com.br\/arquivos\/ids\/288039_2\" alt=\"Alfaparf Milano Professional Semi Di Lino Reparative Cream Leave-In 125ml\" \/><br \/>\nO Leave-in Alfaparf Milano Professional Semi di Lino Reparative Cream 125 ml \u00e9 um creme finalizador sem enx\u00e1gue desenvolvido para reconstruir cabelos danificados, especialmente aqueles de espessura m\u00e9dia a grossa. Sua f\u00f3rmula vegana combina tecnologia avan\u00e7ada para fortalecer e proteger os fios, proporcionando brilho intenso, repara\u00e7\u00e3o profunda e maior resist\u00eancia. Ideal para quem busca proteger os cabelos do calor e prolongar a beleza da cor, deixando-os mais saud\u00e1veis e radiantes. Enriquecido com tecnologias exclusivas, como o Urban Defence Pro, que protege contra a polui\u00e7\u00e3o, e o Shine Fix Complex, que garante brilho por 24 horas, este leave-in tamb\u00e9m conta com o Color Fix Complex para preservar a cor e o A-Z Bond Complex, que ajuda a reconstruir os fios internamente enquanto oferece prote\u00e7\u00e3o externa. Perfeito para o uso di\u00e1rio, ele cria um escudo protetor ao redor da fibra capilar, garantindo resultados vis\u00edveis desde a primeira aplica\u00e7\u00e3o. Benef\u00edcios:  Repara\u00e7\u00e3o intensa: restaura a fibra capilar, deixando os fios mais fortes e resistentes. Brilho duradouro: promove luminosidade natural e uniforme por at\u00e9 24 horas. Prote\u00e7\u00e3o contra polui\u00e7\u00e3o: combate os efeitos dos agentes externos nocivos. Preserva\u00e7\u00e3o da cor: prolonga a intensidade e beleza da colora\u00e7\u00e3o. A\u00e7\u00e3o anti-quebra: reduz a porosidade e melhora a elasticidade dos cabelos. Prote\u00e7\u00e3o t\u00e9rmica: ideal para uso antes de ferramentas de calor.  Modo de Uso:  Aplique uma quantidade suficiente nos cabelos \u00famidos ou secos, focando no comprimento e pontas. Espalhe uniformemente e modele como desejar. N\u00e3o enx\u00e1gue.  Imagine seus cabelos renovados, protegidos contra agress\u00f5es externas e com brilho intenso o dia todo. O Leave-in Alfaparf Milano Professional Semi di Lino Reparative Cream transforma sua rotina de cuidados capilares, entregando resultados profissionais em casa. A Alfaparf Milano \u00e9 uma marca internacionalmente reconhecida por sua excel\u00eancia em cuidados capilares. Combinando ci\u00eancia, inova\u00e7\u00e3o e compromisso com a sustentabilidade, seus produtos s\u00e3o formulados para oferecer o melhor tratamento, sempre respeitando o meio ambiente. Experimente agora e descubra cabelos mais saud\u00e1veis, brilhantes e fortes!<\/p>\n<h4>Aproveite e pesquise o pre\u00e7o deste produto em dezenas de lojas dos marketplaces abaixo:<\/h4>\n<p><a href=\"https:\/\/www.magazinevoce.com.br\/magazineezu\/busca\/Alfaparf Milano Professional Semi Di Lino Reparative Cream Leave-In 125ml\/\" target=\"_blank\" rel=\"noopener\"><img decoding=\"async\" src=\"https:\/\/mvc.mlcdn.com.br\/ad\/2503_superofertas.png\" alt=\"Pesquise no Magazine eZu\" \/> &#8211; da Parceria MAGALU<\/a>.<\/p>\n<p>Ainda n\u00e3o encontrou a melhor op\u00e7\u00e3o de compra? Oferecemos mais uma possibilidade de <strong>busca<\/strong> mais ampla para <a href=\"https:\/\/ecompare.com.br\/lojas\/resultados-da-pesquisa\/?q=Alfaparf Milano Professional Semi Di Lino Reparative Cream Leave-In 125ml#gsc.tab=0&amp;gsc.q=Alfaparf Milano Professional Semi Di Lino Reparative Cream Leave-In 125ml&amp;gsc.page=1\" target=\"_blank\" rel=\"noopener\">Alfaparf Milano Professional Semi Di Lino Reparative Cream Leave-In 125ml, clique e continue <strong>pesquisando&#8230;<\/strong><\/a><\/p>\n<hr \/>\n","protected":false},"excerpt":{"rendered":"<p>R$ 148.90 nas lojas <a href=\"https:\/\/www.awin1.com\/pclick.php?p=41158366894&#038;a=690303&#038;m=100869\" target=\"_blank\" rel=\"sponsored\">AMOBELEZA BR<\/a><\/p>\n","protected":false},"author":1,"featured_media":0,"comment_status":"closed","ping_status":"closed","sticky":false,"template":"","format":"standard","meta":{"footnotes":""},"categories":[2],"tags":[2364,22],"class_list":["post-81558","post","type-post","status-publish","format-standard","hentry","category-produtos","tag-148-90","tag-amobeleza-br"],"_links":{"self":[{"href":"https:\/\/jr1.com.br\/shopping\/wp-json\/wp\/v2\/posts\/81558","targetHints":{"allow":["GET"]}}],"collection":[{"href":"https:\/\/jr1.com.br\/shopping\/wp-json\/wp\/v2\/posts"}],"about":[{"href":"https:\/\/jr1.com.br\/shopping\/wp-json\/wp\/v2\/types\/post"}],"author":[{"embeddable":true,"href":"https:\/\/jr1.com.br\/shopping\/wp-json\/wp\/v2\/users\/1"}],"replies":[{"embeddable":true,"href":"https:\/\/jr1.com.br\/shopping\/wp-json\/wp\/v2\/comments?post=81558"}],"version-history":[{"count":0,"href":"https:\/\/jr1.com.br\/shopping\/wp-json\/wp\/v2\/posts\/81558\/revisions"}],"wp:attachment":[{"href":"https:\/\/jr1.com.br\/shopping\/wp-json\/wp\/v2\/media?parent=81558"}],"wp:term":[{"taxonomy":"category","embeddable":true,"href":"https:\/\/jr1.com.br\/shopping\/wp-json\/wp\/v2\/categories?post=81558"},{"taxonomy":"post_tag","embeddable":true,"href":"https:\/\/jr1.com.br\/shopping\/wp-json\/wp\/v2\/tags?post=81558"}],"curies":[{"name":"wp","href":"https:\/\/api.w.org\/{rel}","templated":true}]}}