{"id":81571,"date":"2026-03-12T23:22:30","date_gmt":"2026-03-12T23:22:30","guid":{"rendered":"https:\/\/jr1.com.br\/shopping\/2026\/03\/12\/base-facial-by-karen-bachini-cosmos-m14nq-30-g\/"},"modified":"2026-03-12T23:22:30","modified_gmt":"2026-03-12T23:22:30","slug":"base-facial-by-karen-bachini-cosmos-m14nq-30-g","status":"publish","type":"post","link":"https:\/\/jr1.com.br\/shopping\/2026\/03\/12\/base-facial-by-karen-bachini-cosmos-m14nq-30-g\/","title":{"rendered":"Base Facial By Karen Bachini Cosmos M14Nq 30 g"},"content":{"rendered":"<h2>Maquiagem<\/h2>\n<h3>O pre\u00e7o de Base Facial By Karen Bachini Cosmos M14Nq 30 g no dia acima especificado era de <strong>R$ 69.90<\/strong>.<\/h3>\n<p>Confira o pre\u00e7o atual aqui: <a href=\"https:\/\/www.awin1.com\/pclick.php?p=39970392085&#038;a=690303&#038;m=100869\" rel=\"noopener sponsored\"><img decoding=\"async\" src=\"https:\/\/ui.awin.com\/images\/upload\/merchant\/profile\/100869.png\" alt=\"Base Facial By Karen Bachini Cosmos M14Nq 30 g\" \/> &#8211; nas lojas AMOBELEZA BR<\/a><\/p>\n<p><img decoding=\"async\" src=\"https:\/\/amobeleza.vteximg.com.br\/arquivos\/ids\/278838_2\" alt=\"Base Facial By Karen Bachini Cosmos M14Nq 30 g\" \/><br \/>\nA Base Facial By Karen Bachini Cosmos M14NQ 30g \u00e9 a escolha ideal para quem busca um acabamento semi-matte natural e confort\u00e1vel. Com cobertura de natural a alta constru\u00edvel, proporciona longa dura\u00e7\u00e3o e resist\u00eancia \u00e0 \u00e1gua, oferecendo um efeito de segunda pele. Al\u00e9m disso, conta com FPS 30, pigmentos tratados e \u00e9 indicada para todos os tipos de pele. Benef\u00edcios:  Controle da oleosidade e disfarce dos poros. Prote\u00e7\u00e3o solar eficaz com FPS 30. Longa dura\u00e7\u00e3o e resist\u00eancia \u00e0 \u00e1gua. Efeito de segunda pele para um acabamento natural. Ingredientes como Coffea Arabica e Extrato de Trifolium Pratense.  Modo de Uso:  Com o aux\u00edlio de uma esponja ou pincel, aplique o produto na pele limpa e hidratada, come\u00e7ando pelo centro do rosto. Esfume em dire\u00e7\u00e3o \u00e0s laterais para um acabamento uniforme. Para um resultado mais natural, finalize dando leves batidas com uma esponja macia. Utilize outros tons do mesmo produto para corrigir, contornar e iluminar.  Imagine-se com a pele radiante, livre de imperfei\u00e7\u00f5es e com um acabamento natural que real\u00e7a sua beleza. A Base Facial By Karen Bachini Cosmos proporciona exatamente isso, deixando voc\u00ea confiante e pronta para qualquer ocasi\u00e3o. A Karen Bachini Beauty \u00e9 uma marca que une qualidade e inova\u00e7\u00e3o, oferecendo produtos desenvolvidos com carinho e responsabilidade. A linha Cosmos \u00e9 resultado de um sonho pessoal da fundadora, trazendo f\u00f3rmulas incr\u00edveis em embalagens sofisticadas para atender \u00e0s necessidades de todos os tipos de pele. Experimente agora a Base Facial By Karen Bachini Cosmos e sinta a diferen\u00e7a em sua pele!<\/p>\n<h4>Aproveite e pesquise o pre\u00e7o deste produto em dezenas de lojas dos marketplaces abaixo:<\/h4>\n<p><a href=\"https:\/\/www.magazinevoce.com.br\/magazineezu\/busca\/Base Facial By Karen Bachini Cosmos M14Nq 30 g\/\" target=\"_blank\" rel=\"noopener\"><img decoding=\"async\" src=\"https:\/\/mvc.mlcdn.com.br\/ad\/2503_superofertas.png\" alt=\"Pesquise no Magazine eZu\" \/> &#8211; da Parceria MAGALU<\/a>.<\/p>\n<p>Ainda n\u00e3o encontrou a melhor op\u00e7\u00e3o de compra? Oferecemos mais uma possibilidade de <strong>busca<\/strong> mais ampla para <a href=\"https:\/\/ecompare.com.br\/lojas\/resultados-da-pesquisa\/?q=Base Facial By Karen Bachini Cosmos M14Nq 30 g#gsc.tab=0&amp;gsc.q=Base Facial By Karen Bachini Cosmos M14Nq 30 g&amp;gsc.page=1\" target=\"_blank\" rel=\"noopener\">Base Facial By Karen Bachini Cosmos M14Nq 30 g, clique e continue <strong>pesquisando&#8230;<\/strong><\/a><\/p>\n<hr \/>\n","protected":false},"excerpt":{"rendered":"<p>R$ 69.90 nas lojas <a href=\"https:\/\/www.awin1.com\/pclick.php?p=39970392085&#038;a=690303&#038;m=100869\" target=\"_blank\" rel=\"sponsored\">AMOBELEZA BR<\/a><\/p>\n","protected":false},"author":1,"featured_media":0,"comment_status":"closed","ping_status":"closed","sticky":false,"template":"","format":"standard","meta":{"footnotes":""},"categories":[2],"tags":[2367,22],"class_list":["post-81571","post","type-post","status-publish","format-standard","hentry","category-produtos","tag-69-90","tag-amobeleza-br"],"_links":{"self":[{"href":"https:\/\/jr1.com.br\/shopping\/wp-json\/wp\/v2\/posts\/81571","targetHints":{"allow":["GET"]}}],"collection":[{"href":"https:\/\/jr1.com.br\/shopping\/wp-json\/wp\/v2\/posts"}],"about":[{"href":"https:\/\/jr1.com.br\/shopping\/wp-json\/wp\/v2\/types\/post"}],"author":[{"embeddable":true,"href":"https:\/\/jr1.com.br\/shopping\/wp-json\/wp\/v2\/users\/1"}],"replies":[{"embeddable":true,"href":"https:\/\/jr1.com.br\/shopping\/wp-json\/wp\/v2\/comments?post=81571"}],"version-history":[{"count":0,"href":"https:\/\/jr1.com.br\/shopping\/wp-json\/wp\/v2\/posts\/81571\/revisions"}],"wp:attachment":[{"href":"https:\/\/jr1.com.br\/shopping\/wp-json\/wp\/v2\/media?parent=81571"}],"wp:term":[{"taxonomy":"category","embeddable":true,"href":"https:\/\/jr1.com.br\/shopping\/wp-json\/wp\/v2\/categories?post=81571"},{"taxonomy":"post_tag","embeddable":true,"href":"https:\/\/jr1.com.br\/shopping\/wp-json\/wp\/v2\/tags?post=81571"}],"curies":[{"name":"wp","href":"https:\/\/api.w.org\/{rel}","templated":true}]}}