{"id":8284,"date":"2025-08-09T22:07:51","date_gmt":"2025-08-09T22:07:51","guid":{"rendered":"https:\/\/jr1.com.br\/shopping\/2025\/08\/09\/cristaleira-2-portas-com-vidro-1-gaveta-vogue-artemobili-branco-38605492816\/"},"modified":"2025-08-09T22:07:51","modified_gmt":"2025-08-09T22:07:51","slug":"cristaleira-2-portas-com-vidro-1-gaveta-vogue-artemobili-branco-38605492816","status":"publish","type":"post","link":"https:\/\/jr1.com.br\/shopping\/2025\/08\/09\/cristaleira-2-portas-com-vidro-1-gaveta-vogue-artemobili-branco-38605492816\/","title":{"rendered":"Cristaleira 2 Portas com Vidro 1 Gaveta Vogue Artemobili Branco &#8211; 38605492816"},"content":{"rendered":"<h2><\/h2>\n<h3>O pre\u00e7o de Cristaleira 2 Portas com Vidro 1 Gaveta Vogue Artemobili Branco no dia acima especificado era de <strong>R$ 2042.10<\/strong>.<\/h3>\n<p>Confira o pre\u00e7o atual aqui: <a href=\"https:\/\/www.casatema.com.br\/cristaleira-2-portas-com-vidro-1-gaveta-vogue-artemobili-branco\/p?idsku=2147076523?utm_source=awin&#038;utm_medium=aff&#038;utm_campaign=690303&#038;utm_content=u1&#038;utm_term=&#038;sv1=affiliate&#038;sv_campaign_id=690303&#038;awc=64882_1747143695_604e9a136a087f3da65a6e07584fd7f3\" target=\"_blank\" rel=\"noopener sponsored\"><img decoding=\"async\" src=\"https:\/\/ui.awin.com\/images\/upload\/merchant\/profile\/100453.png\" alt=\"Cristaleira 2 Portas com Vidro 1 Gaveta Vogue Artemobili Branco\" \/> &#8211; nas lojas  Casa Tema BR<\/a><\/p>\n<p><img decoding=\"async\" src=\"https:\/\/casatema.vteximg.com.br\/arquivos\/ids\/827461_2\" alt=\"Cristaleira 2 Portas com Vidro 1 Gaveta Vogue Artemobili Branco\" \/><br \/>\nCristaleira 2 Portas com Vidro 1 Gaveta Vogue Artemobili BrancoCristaleira 2 Portas com Vidro 1 Gaveta Vogue Artemobili Branco. Com um design cheio de detalhes, a linha Vogue resgata mem\u00f3rias afetivas familiares. Com ar rom\u00e2ntico, ela trar\u00e1 muito charme e estilo para o seu ambiente. A Cristaleira Vogue, possui os p\u00e9s em madeira maci\u00e7a certificada FSC, dando uma estrutura forte e dur\u00e1vel para a cristaleira. Possui duas portas com vidro, e internamente conta com 4 prateleiras em MDF, onde voc\u00ea poder\u00e1 expor suas lou\u00e7as, ta\u00e7as e demais objetos, dando um requinte para sua sala de jantar. As portas contam ainda com dobradi\u00e7a soft close, que garantem um fechamento suave da porta, n\u00e3o permitindo que ela bata. Possui uma gaveta com corredi\u00e7a telesc\u00f3pica, que possibilita a abertura total da gaveta, onde voc\u00ea pode guardar toalhas e guardanapos, deixando tudo organizado.Caracter\u00edsticas:Altura dos P\u00e9s: 17 cmProfundidade: 40 cmCor do Produto: BrancoCor Interna: BrancoPossui Adega: N\u00e3oAltura: 170 cmLargura: 90 cmPeso: 52 kgEstilo: ModernoAcabamento: LacaPossui P\u00e9s: 04Possui Vidro: SimTipo de Porta: BaterPossui Espelho: N\u00e3oNecessita Montagem: SimRecomenda\u00e7\u00f5es de Uso, Manuten\u00e7\u00e3o e Limpeza: Pano levemente umedecido. N\u00e3o utilizar materiais abrasivos.Itens Inclusos: 1 Cristaleira, kit de ferragens e manual de montagemLargura do Espelho 04: cmTipo de Dobradi\u00e7a\/Corredi\u00e7a da Porta: Met\u00e1licaEscala de Brilho da Gaveta: FoscoTipo de Corredi\u00e7a da Gaveta: Met\u00e1lica Telesc\u00f3picaSuporta At\u00e9 (kg): 45 kgComplexidade da Montagem: M\u00e9dia: pode ser montado por mais de uma pessoa e\/ou necessite de maior conhecimento para montagemMaterial da Porta: Madeira Maci\u00e7aOrigem do Produto: NacionalP\u00e9s Regul\u00e1veis: N\u00e3oGaveta com Chave: N\u00e3oEscala de Brilho: FoscoLargura do Espelho 06: cmAmbiente Principal: Sala de JantarPeso M\u00e1ximo por Gaveta: 5 kgEspessura do Vidro: 4 mmEscala de Brilho da Porta: FoscoLinha ou Cole\u00e7\u00e3o: VogueInforma\u00e7\u00f5es Complementares: Dimens\u00f5es Internas da Gaveta (LxPxA): 72 cm x 28 cm x 15 cmMaterial Principal: MDFEscala de Brilho da Prateleira: FoscoMaterial da Gaveta: MDFAcabamento da Porta: PUCor Predominante: BrancoAcabamento dos P\u00e9s: PULargura do Espelho 05: cmPossui ilumina\u00e7\u00e3o: N\u00e3oMaterial da Prateleira: MDFSapatas Niveladoras: N\u00e3oAcabamento da Prateleira: LacaSistema de Montagem: Cavilha, Minifix, Tambor, Parafuso, Pino, Prego, Bucha, Feltro, Fita, Corredi\u00e7a Telesc\u00f3pica, Fixador de Fundo, Dobradi\u00e7a, Puxador, Fixador de Vidro e Batente.Tipo de Puxador da Porta: ExternoAcabamento da Gaveta: LacaTipo de Puxador da Gaveta: ExternoAltura do Espelho 01: cmPeso M\u00e1ximo por Prateleira: 10 kgAltura do Espelho 02: cmMaterial do Puxador da Porta: MetalAltura do Espelho 03: cmMaterial do Puxador da Gaveta: MetalAltura do Espelho 04: cmTipo de Madeira Maci\u00e7a da Porta: PinusAltura do Espelho 05: cmGarantia: 03 mesesAltura do Espelho 06: cmLargura do Espelho 01: cmLargura do Espelho 02: cmLargura do Espelho 03: cmCor: BrancoPossui Rod\u00edzio: N\u00e3o<\/p>\n<h4>Aproveite e pesquise o pre\u00e7o deste produto em dezenas de lojas dos marketplaces abaixo:<\/h4>\n<p><a href=\"https:\/\/www.magazinevoce.com.br\/magazineezu\/busca\/Cristaleira 2 Portas com Vidro 1 Gaveta Vogue Artemobili Branco\/\" target=\"_blank\" rel=\"noopener\"><img decoding=\"async\" src=\"https:\/\/mvc.mlcdn.com.br\/ad\/2503_superofertas.png\" alt=\"Pesquise no Magazine eZu\" \/> &#8211; da Parceria MAGALU<\/a>.<\/p>\n<p>Ainda n\u00e3o encontrou a melhor op\u00e7\u00e3o de compra? Oferecemos mais uma possibilidade de <strong>busca<\/strong> mais ampla para <a href=\"https:\/\/ecompare.com.br\/lojas\/resultados-da-pesquisa\/?q=Cristaleira 2 Portas com Vidro 1 Gaveta Vogue Artemobili Branco#gsc.tab=0&amp;gsc.q=Cristaleira 2 Portas com Vidro 1 Gaveta Vogue Artemobili Branco&amp;gsc.page=1\" target=\"_blank\" rel=\"noopener\">Cristaleira 2 Portas com Vidro 1 Gaveta Vogue Artemobili Branco, clique e continue <strong>pesquisando&#8230;<\/strong><\/a><\/p>\n<hr \/>\n","protected":false},"excerpt":{"rendered":"<p>R$ 2042.10 nas lojas <a href=\"https:\/\/www.awin1.com\/pclick.php?p=38605492816&#038;a=690303&#038;m=100453\" target=\"_blank\" rel=\"sponsored\">Casa Tema BR<\/a><\/p>\n","protected":false},"author":1,"featured_media":0,"comment_status":"closed","ping_status":"closed","sticky":false,"template":"","format":"standard","meta":{"footnotes":""},"categories":[2],"tags":[21],"class_list":["post-8284","post","type-post","status-publish","format-standard","hentry","category-produtos","tag-casa-tema-br"],"_links":{"self":[{"href":"https:\/\/jr1.com.br\/shopping\/wp-json\/wp\/v2\/posts\/8284","targetHints":{"allow":["GET"]}}],"collection":[{"href":"https:\/\/jr1.com.br\/shopping\/wp-json\/wp\/v2\/posts"}],"about":[{"href":"https:\/\/jr1.com.br\/shopping\/wp-json\/wp\/v2\/types\/post"}],"author":[{"embeddable":true,"href":"https:\/\/jr1.com.br\/shopping\/wp-json\/wp\/v2\/users\/1"}],"replies":[{"embeddable":true,"href":"https:\/\/jr1.com.br\/shopping\/wp-json\/wp\/v2\/comments?post=8284"}],"version-history":[{"count":0,"href":"https:\/\/jr1.com.br\/shopping\/wp-json\/wp\/v2\/posts\/8284\/revisions"}],"wp:attachment":[{"href":"https:\/\/jr1.com.br\/shopping\/wp-json\/wp\/v2\/media?parent=8284"}],"wp:term":[{"taxonomy":"category","embeddable":true,"href":"https:\/\/jr1.com.br\/shopping\/wp-json\/wp\/v2\/categories?post=8284"},{"taxonomy":"post_tag","embeddable":true,"href":"https:\/\/jr1.com.br\/shopping\/wp-json\/wp\/v2\/tags?post=8284"}],"curies":[{"name":"wp","href":"https:\/\/api.w.org\/{rel}","templated":true}]}}