{"id":83313,"date":"2026-03-17T00:54:13","date_gmt":"2026-03-17T00:54:13","guid":{"rendered":"https:\/\/jr1.com.br\/shopping\/2026\/03\/17\/tonalizante-wella-professionals-color-touch-relights-18-cinza-perolado-60-g\/"},"modified":"2026-03-17T00:54:13","modified_gmt":"2026-03-17T00:54:13","slug":"tonalizante-wella-professionals-color-touch-relights-18-cinza-perolado-60-g","status":"publish","type":"post","link":"https:\/\/jr1.com.br\/shopping\/2026\/03\/17\/tonalizante-wella-professionals-color-touch-relights-18-cinza-perolado-60-g\/","title":{"rendered":"Tonalizante Wella Professionals Color Touch Relights \/18 Cinza Perolado 60 g"},"content":{"rendered":"<h2>Cabelos<\/h2>\n<h3>O pre\u00e7o de Tonalizante Wella Professionals Color Touch Relights \/18 Cinza Perolado 60 g no dia acima especificado era de <strong>R$ 40.90<\/strong>.<\/h3>\n<p>Confira o pre\u00e7o atual aqui: <a href=\"https:\/\/www.awin1.com\/pclick.php?p=39025456501&#038;a=690303&#038;m=100869\" rel=\"noopener sponsored\"><img decoding=\"async\" src=\"https:\/\/ui.awin.com\/images\/upload\/merchant\/profile\/100869.png\" alt=\"Tonalizante Wella Professionals Color Touch Relights \/18 Cinza Perolado 60 g\" \/> &#8211; nas lojas AMOBELEZA BR<\/a><\/p>\n<p><img decoding=\"async\" src=\"https:\/\/amobeleza.vteximg.com.br\/arquivos\/ids\/182805_2\" alt=\"Tonalizante Wella Professionals Color Touch Relights \/18 Cinza Perolado 60 g\" \/><br \/>\nO Tonalizante Wella Professionals Color Touch Relights \u00e9 indicado para quem deseja prolongar a beleza da colora\u00e7\u00e3o, proporcionando um brilho excepcional e uma intensifica\u00e7\u00e3o do tom dos fios j\u00e1 tingidos. Seu efeito \u00e9 semi-permanente, garantindo resultados duradouros e uma manuten\u00e7\u00e3o mais f\u00e1cil da cor. Esse produto \u00e9 perfeito para quem deseja manter a tonalidade vibrante e brilhante por mais tempo, al\u00e9m de agir de forma suave e sem agredir a fibra capilar. O Color Touch Relights Blonde oferece uma excelente op\u00e7\u00e3o para cabelos loiros, intensificando a cor e preservando a sa\u00fade dos fios. \u00c9 uma excelente escolha para fios sensibilizados, j\u00e1 que seu processo de aplica\u00e7\u00e3o n\u00e3o prejudica a fibra capilar, tornando-o adequado para uso frequente. A linha ajuda a aumentar o brilho, ao mesmo tempo que assegura uma tonalidade radiante, criando um visual luminoso, com cabelos mais saud\u00e1veis e com um brilho natural. Ideal para quem procura praticidade e resultados duradouros.<\/p>\n<h4>Aproveite e pesquise o pre\u00e7o deste produto em dezenas de lojas dos marketplaces abaixo:<\/h4>\n<p><a href=\"https:\/\/www.magazinevoce.com.br\/magazineezu\/busca\/Tonalizante Wella Professionals Color Touch Relights \/18 Cinza Perolado 60 g\/\" target=\"_blank\" rel=\"noopener\"><img decoding=\"async\" src=\"https:\/\/mvc.mlcdn.com.br\/ad\/2503_superofertas.png\" alt=\"Pesquise no Magazine eZu\" \/> &#8211; da Parceria MAGALU<\/a>.<\/p>\n<p>Ainda n\u00e3o encontrou a melhor op\u00e7\u00e3o de compra? Oferecemos mais uma possibilidade de <strong>busca<\/strong> mais ampla para <a href=\"https:\/\/ecompare.com.br\/lojas\/resultados-da-pesquisa\/?q=Tonalizante Wella Professionals Color Touch Relights \/18 Cinza Perolado 60 g#gsc.tab=0&amp;gsc.q=Tonalizante Wella Professionals Color Touch Relights \/18 Cinza Perolado 60 g&amp;gsc.page=1\" target=\"_blank\" rel=\"noopener\">Tonalizante Wella Professionals Color Touch Relights \/18 Cinza Perolado 60 g, clique e continue <strong>pesquisando&#8230;<\/strong><\/a><\/p>\n<hr \/>\n","protected":false},"excerpt":{"rendered":"<p>R$ 40.90 nas lojas <a href=\"https:\/\/www.awin1.com\/pclick.php?p=39025456501&#038;a=690303&#038;m=100869\" target=\"_blank\" rel=\"sponsored\">AMOBELEZA BR<\/a><\/p>\n","protected":false},"author":1,"featured_media":0,"comment_status":"closed","ping_status":"closed","sticky":false,"template":"","format":"standard","meta":{"footnotes":""},"categories":[2],"tags":[1867,22],"class_list":["post-83313","post","type-post","status-publish","format-standard","hentry","category-produtos","tag-40-90","tag-amobeleza-br"],"_links":{"self":[{"href":"https:\/\/jr1.com.br\/shopping\/wp-json\/wp\/v2\/posts\/83313","targetHints":{"allow":["GET"]}}],"collection":[{"href":"https:\/\/jr1.com.br\/shopping\/wp-json\/wp\/v2\/posts"}],"about":[{"href":"https:\/\/jr1.com.br\/shopping\/wp-json\/wp\/v2\/types\/post"}],"author":[{"embeddable":true,"href":"https:\/\/jr1.com.br\/shopping\/wp-json\/wp\/v2\/users\/1"}],"replies":[{"embeddable":true,"href":"https:\/\/jr1.com.br\/shopping\/wp-json\/wp\/v2\/comments?post=83313"}],"version-history":[{"count":0,"href":"https:\/\/jr1.com.br\/shopping\/wp-json\/wp\/v2\/posts\/83313\/revisions"}],"wp:attachment":[{"href":"https:\/\/jr1.com.br\/shopping\/wp-json\/wp\/v2\/media?parent=83313"}],"wp:term":[{"taxonomy":"category","embeddable":true,"href":"https:\/\/jr1.com.br\/shopping\/wp-json\/wp\/v2\/categories?post=83313"},{"taxonomy":"post_tag","embeddable":true,"href":"https:\/\/jr1.com.br\/shopping\/wp-json\/wp\/v2\/tags?post=83313"}],"curies":[{"name":"wp","href":"https:\/\/api.w.org\/{rel}","templated":true}]}}