{"id":83438,"date":"2026-03-15T22:01:08","date_gmt":"2026-03-15T22:01:08","guid":{"rendered":"https:\/\/jr1.com.br\/shopping\/2026\/03\/15\/vult-fps-90-extra-escuro-po-compacto-facial-6g\/"},"modified":"2026-03-15T22:01:08","modified_gmt":"2026-03-15T22:01:08","slug":"vult-fps-90-extra-escuro-po-compacto-facial-6g","status":"publish","type":"post","link":"https:\/\/jr1.com.br\/shopping\/2026\/03\/15\/vult-fps-90-extra-escuro-po-compacto-facial-6g\/","title":{"rendered":"Vult FPS 90 Extra Escuro &#8211; P\u00f3 Compacto Facial 6g"},"content":{"rendered":"<h2>Sa\u00fade e beleza > Cuidados pessoais > Cosm\u00e9ticos > Maquiagem > Maquiagem para o rosto > P\u00f3 facial<\/h2>\n<h3>O pre\u00e7o de Vult FPS 90 Extra Escuro &#8211; P\u00f3 Compacto Facial 6g no dia acima especificado era de <strong>R$ 98.90<\/strong>.<\/h3>\n<p>Confira o pre\u00e7o atual aqui: <a href=\"https:\/\/www.awin1.com\/pclick.php?p=40666750652&#038;a=690303&#038;m=62481\" rel=\"noopener sponsored\"><img decoding=\"async\" src=\"https:\/\/ui.awin.com\/images\/upload\/merchant\/profile\/62481.png\" alt=\"Vult FPS 90 Extra Escuro - P\u00f3 Compacto Facial 6g\" \/> &#8211; nas lojas Beleza na Web PRO BR<\/a><\/p>\n<p><img decoding=\"async\" src=\"https:\/\/res.cloudinary.com\/beleza-na-web\/image\/upload\/w_1500\/f_auto\/fl_progressive\/q_auto:best\/v1\/imagens\/product\/102701\/15d13c1c-53f3-485f-9486-7e4ccf055475-7899852024998-vult-po-compacto-facial-fps-90-6g-extra-escuro-1000x1000.jpg\" alt=\"Vult FPS 90 Extra Escuro - P\u00f3 Compacto Facial 6g\" \/><br \/>\nP\u00f3 compacto facial. Vult FPS 90 apresenta efeito matte com cobertura m\u00e9dia, possui prote\u00e7\u00e3o solar (UVA++ e UVB) e prote\u00e7\u00e3o contra a luz azul. O P\u00f3 Compacto Facial Vult FPS 90 possui f\u00f3rmula com \u00e1cido hialur\u00f4nico, a\u00e7\u00e3o prebi\u00f3tica e antioxidante, que uniformiza o tom da pele. O acabamento \u00e9 leve e aveludado na pele, auxilia no controle do brilho facial ao longo do dia. Dermatologicamente testado e n\u00e3o comedog\u00eanico.<\/p>\n<h4>Aproveite e pesquise o pre\u00e7o deste produto em dezenas de lojas dos marketplaces abaixo:<\/h4>\n<p><a href=\"https:\/\/www.magazinevoce.com.br\/magazineezu\/busca\/Vult FPS 90 Extra Escuro - P\u00f3 Compacto Facial 6g\/\" target=\"_blank\" rel=\"noopener\"><img decoding=\"async\" src=\"https:\/\/mvc.mlcdn.com.br\/ad\/2503_superofertas.png\" alt=\"Pesquise no Magazine eZu\" \/> &#8211; da Parceria MAGALU<\/a>.<\/p>\n<p>Ainda n\u00e3o encontrou a melhor op\u00e7\u00e3o de compra? Oferecemos mais uma possibilidade de <strong>busca<\/strong> mais ampla para <a href=\"https:\/\/ecompare.com.br\/lojas\/resultados-da-pesquisa\/?q=Vult FPS 90 Extra Escuro - P\u00f3 Compacto Facial 6g#gsc.tab=0&amp;gsc.q=Vult FPS 90 Extra Escuro - P\u00f3 Compacto Facial 6g&amp;gsc.page=1\" target=\"_blank\" rel=\"noopener\">Vult FPS 90 Extra Escuro &#8211; P\u00f3 Compacto Facial 6g, clique e continue <strong>pesquisando&#8230;<\/strong><\/a><\/p>\n<hr \/>\n","protected":false},"excerpt":{"rendered":"<p>R$ 98.90 nas lojas <a href=\"https:\/\/www.awin1.com\/pclick.php?p=40666750652&#038;a=690303&#038;m=62481\" target=\"_blank\" rel=\"sponsored\">Beleza na Web PRO BR<\/a><\/p>\n","protected":false},"author":1,"featured_media":0,"comment_status":"closed","ping_status":"closed","sticky":false,"template":"","format":"standard","meta":{"footnotes":""},"categories":[2],"tags":[2085,2949],"class_list":["post-83438","post","type-post","status-publish","format-standard","hentry","category-produtos","tag-98-90","tag-beleza-na-web-pro-br"],"_links":{"self":[{"href":"https:\/\/jr1.com.br\/shopping\/wp-json\/wp\/v2\/posts\/83438","targetHints":{"allow":["GET"]}}],"collection":[{"href":"https:\/\/jr1.com.br\/shopping\/wp-json\/wp\/v2\/posts"}],"about":[{"href":"https:\/\/jr1.com.br\/shopping\/wp-json\/wp\/v2\/types\/post"}],"author":[{"embeddable":true,"href":"https:\/\/jr1.com.br\/shopping\/wp-json\/wp\/v2\/users\/1"}],"replies":[{"embeddable":true,"href":"https:\/\/jr1.com.br\/shopping\/wp-json\/wp\/v2\/comments?post=83438"}],"version-history":[{"count":0,"href":"https:\/\/jr1.com.br\/shopping\/wp-json\/wp\/v2\/posts\/83438\/revisions"}],"wp:attachment":[{"href":"https:\/\/jr1.com.br\/shopping\/wp-json\/wp\/v2\/media?parent=83438"}],"wp:term":[{"taxonomy":"category","embeddable":true,"href":"https:\/\/jr1.com.br\/shopping\/wp-json\/wp\/v2\/categories?post=83438"},{"taxonomy":"post_tag","embeddable":true,"href":"https:\/\/jr1.com.br\/shopping\/wp-json\/wp\/v2\/tags?post=83438"}],"curies":[{"name":"wp","href":"https:\/\/api.w.org\/{rel}","templated":true}]}}