{"id":8374,"date":"2025-09-06T10:59:17","date_gmt":"2025-09-06T10:59:17","guid":{"rendered":"https:\/\/jr1.com.br\/shopping\/2025\/09\/06\/kit-industrial-para-hall-c-banco-sapateira-e-prateleira-carvalho-preto-38605492874\/"},"modified":"2025-09-06T10:59:17","modified_gmt":"2025-09-06T10:59:17","slug":"kit-industrial-para-hall-c-banco-sapateira-e-prateleira-carvalho-preto-38605492874","status":"publish","type":"post","link":"https:\/\/jr1.com.br\/shopping\/2025\/09\/06\/kit-industrial-para-hall-c-banco-sapateira-e-prateleira-carvalho-preto-38605492874\/","title":{"rendered":"Kit Industrial para Hall c\/Banco Sapateira e Prateleira &#8211; Carvalho\/Preto &#8211; 38605492874"},"content":{"rendered":"<h2><\/h2>\n<h3>O pre\u00e7o de Kit Industrial para Hall c\/Banco Sapateira e Prateleira &#8211; Carvalho\/Preto no dia acima especificado era de <strong>R$ 521.85<\/strong>.<\/h3>\n<p>Confira o pre\u00e7o atual aqui: <a href=\"https:\/\/www.casatema.com.br\/kit-industrial-para-hall-cbanco-sapateira-e-prateleira---carvalhopreto-00017907\/p?idsku=2147076761?utm_source=awin&#038;utm_medium=aff&#038;utm_campaign=690303&#038;utm_content=u1&#038;utm_term=&#038;sv1=affiliate&#038;sv_campaign_id=690303&#038;awc=64882_1747143695_604e9a136a087f3da65a6e07584fd7f3\" target=\"_blank\" rel=\"noopener sponsored\"><img decoding=\"async\" src=\"https:\/\/ui.awin.com\/images\/upload\/merchant\/profile\/100453.png\" alt=\"Kit Industrial para Hall c\/Banco Sapateira e Prateleira - Carvalho\/Preto\" \/> &#8211; nas lojas  Casa Tema BR<\/a><\/p>\n<p><img decoding=\"async\" src=\"https:\/\/casatema.vteximg.com.br\/arquivos\/ids\/827578_2\" alt=\"Kit Industrial para Hall c\/Banco Sapateira e Prateleira - Carvalho\/Preto\" \/><br \/>\nKit Industrial para Hall c\/Banco Sapateira e Prateleira &#8211; Carvalho\/PretoO Kit para Hall se destaca por seu estilo industrial que se inspira nas instala\u00e7\u00f5es de f\u00e1bricas das grandes cidades. Produzidas em MDP e \u00e9 perfeita para decorar e organizar, ideal para os amantes dessa tend\u00eancia que mistura o r\u00fastico ao urbano, dando ainda mais personalidade ao seu espa\u00e7o. Para um ambiente moderno \u00e9 necess\u00e1rio escolher m\u00f3veis arrojados, \u00fanicos, que ir\u00e3o impressionar logo \u00e0 primeira vista.MDPPainel de madeira formado por part\u00edculas de madeira de m\u00e9dia densidade, \u00e9 tamb\u00e9m o mais consumido no mundo. \u00c9 produzido em prensas cont\u00ednuas de \u00faltima gera\u00e7\u00e3o, sendo um dos produtos mais tecnol\u00f3gicos e econ\u00f4micos para produ\u00e7\u00e3o de m\u00f3veis de linhas retas ou que precisam receber pinturas e revestimentos de qualquer material. Apresenta excelente resultado em m\u00f3veis para dormit\u00f3rios, escrit\u00f3rios, cozinhas, pain\u00e9is para decora\u00e7\u00e3o, prateleiras, tampos e base superior\/inferior. Com o manuseio correto e dispositivos de montagem, pode ser montado e desmontado quantas vezes for necess\u00e1rio.Garantia03 Meses para defeito de f\u00e1brica.Caracter\u00edsticas- Carvalho\/Preto- Estrutura: Suporte met\u00e1lico\/Tampo em MDP 15 mm- Acabamento\/Revestimento: Pintura Ep\u00f3xi\/ Pintura BP- 1 Prateleira com 3 ganchos- 1 Banco sapateira com 1 prateleira- Peso Suportado Prateleira: At\u00e9 7 kg\/ 1kg por gancho &#8211; Peso Suportado: Tampo 100 kg\/ 7 kg na prateleira- Produto entregue desmontado- Marca: ArtesanoDimens\u00f5es da prateleiraAltura: 34,2 cmLargura: 90 cmProfundidade: 23 cmDimens\u00f5es do bancoAltura: 45 cmLargura: 90 cmProfundidade: 33,2 cmOutras Informa\u00e7\u00f5es- Montagem n\u00e3o inclusa.- Na limpeza n\u00e3o utilizar produtos qu\u00edmicos e abrasivos, usar apenas um pano umedecido, para garantir a maior durabilidade do m\u00f3vel.- Os objetos que ambientam as fotos n\u00e3o acompanham o produto.- Imagens meramente ilustrativas. Cores e tonalidades podem variar.- Antes de comprar o seu produto verifique as medidas, o local onde pretende instalar e se \u00e9 necess\u00e1rio contratar o servi\u00e7o de um profissional qualificado.<\/p>\n<h4>Aproveite e pesquise o pre\u00e7o deste produto em dezenas de lojas dos marketplaces abaixo:<\/h4>\n<p><a href=\"https:\/\/www.magazinevoce.com.br\/magazineezu\/busca\/Kit Industrial para Hall c\/Banco Sapateira e Prateleira - Carvalho\/Preto\/\" target=\"_blank\" rel=\"noopener\"><img decoding=\"async\" src=\"https:\/\/mvc.mlcdn.com.br\/ad\/2503_superofertas.png\" alt=\"Pesquise no Magazine eZu\" \/> &#8211; da Parceria MAGALU<\/a>.<\/p>\n<p>Ainda n\u00e3o encontrou a melhor op\u00e7\u00e3o de compra? Oferecemos mais uma possibilidade de <strong>busca<\/strong> mais ampla para <a href=\"https:\/\/ecompare.com.br\/lojas\/resultados-da-pesquisa\/?q=Kit Industrial para Hall c\/Banco Sapateira e Prateleira - Carvalho\/Preto#gsc.tab=0&amp;gsc.q=Kit Industrial para Hall c\/Banco Sapateira e Prateleira - Carvalho\/Preto&amp;gsc.page=1\" target=\"_blank\" rel=\"noopener\">Kit Industrial para Hall c\/Banco Sapateira e Prateleira &#8211; Carvalho\/Preto, clique e continue <strong>pesquisando&#8230;<\/strong><\/a><\/p>\n<hr \/>\n","protected":false},"excerpt":{"rendered":"<p>R$ 521.85 nas lojas <a href=\"https:\/\/www.awin1.com\/pclick.php?p=38605492874&#038;a=690303&#038;m=100453\" target=\"_blank\" rel=\"sponsored\">Casa Tema BR<\/a><\/p>\n","protected":false},"author":1,"featured_media":0,"comment_status":"closed","ping_status":"closed","sticky":false,"template":"","format":"standard","meta":{"footnotes":""},"categories":[2],"tags":[21],"class_list":["post-8374","post","type-post","status-publish","format-standard","hentry","category-produtos","tag-casa-tema-br"],"_links":{"self":[{"href":"https:\/\/jr1.com.br\/shopping\/wp-json\/wp\/v2\/posts\/8374","targetHints":{"allow":["GET"]}}],"collection":[{"href":"https:\/\/jr1.com.br\/shopping\/wp-json\/wp\/v2\/posts"}],"about":[{"href":"https:\/\/jr1.com.br\/shopping\/wp-json\/wp\/v2\/types\/post"}],"author":[{"embeddable":true,"href":"https:\/\/jr1.com.br\/shopping\/wp-json\/wp\/v2\/users\/1"}],"replies":[{"embeddable":true,"href":"https:\/\/jr1.com.br\/shopping\/wp-json\/wp\/v2\/comments?post=8374"}],"version-history":[{"count":0,"href":"https:\/\/jr1.com.br\/shopping\/wp-json\/wp\/v2\/posts\/8374\/revisions"}],"wp:attachment":[{"href":"https:\/\/jr1.com.br\/shopping\/wp-json\/wp\/v2\/media?parent=8374"}],"wp:term":[{"taxonomy":"category","embeddable":true,"href":"https:\/\/jr1.com.br\/shopping\/wp-json\/wp\/v2\/categories?post=8374"},{"taxonomy":"post_tag","embeddable":true,"href":"https:\/\/jr1.com.br\/shopping\/wp-json\/wp\/v2\/tags?post=8374"}],"curies":[{"name":"wp","href":"https:\/\/api.w.org\/{rel}","templated":true}]}}