{"id":84551,"date":"2026-03-15T15:01:54","date_gmt":"2026-03-15T15:01:54","guid":{"rendered":"https:\/\/jr1.com.br\/shopping\/2026\/03\/15\/cama-sofa-infantil-zen-branco\/"},"modified":"2026-03-15T15:01:54","modified_gmt":"2026-03-15T15:01:54","slug":"cama-sofa-infantil-zen-branco","status":"publish","type":"post","link":"https:\/\/jr1.com.br\/shopping\/2026\/03\/15\/cama-sofa-infantil-zen-branco\/","title":{"rendered":"Cama Sof\u00e1 Infantil Zen Branco"},"content":{"rendered":"<h2><\/h2>\n<h3>O pre\u00e7o de Cama Sof\u00e1 Infantil Zen Branco no dia acima especificado era de <strong>R$ 2852.93<\/strong>.<\/h3>\n<p>Confira o pre\u00e7o atual aqui: <a href=\"https:\/\/www.awin1.com\/pclick.php?p=38605496813&#038;a=690303&#038;m=100453\" rel=\"noopener sponsored\"><img decoding=\"async\" src=\"https:\/\/ui.awin.com\/images\/upload\/merchant\/profile\/100453.png\" alt=\"Cama Sof\u00e1 Infantil Zen Branco\" \/> &#8211; nas lojas Casa Tema BR<\/a><\/p>\n<p><img decoding=\"async\" src=\"https:\/\/casatema.vteximg.com.br\/arquivos\/ids\/899844_2\" alt=\"Cama Sof\u00e1 Infantil Zen Branco\" \/><br \/>\nCama Sof\u00e1 Infantil Zen BrancoCama Sof\u00e1 Infantil Zen Branco. Revivendo a do\u00e7ura do passado com um refor\u00e7o de eleg\u00e2ncia: a Linha Zen traz um toque retr\u00f4, onde a leveza encontra a sofistica\u00e7\u00e3o. Os detalhes nas cabeceiras em palha natural e a presen\u00e7a marcante da madeira maci\u00e7a trazem uma rusticidade delicada, que vai proporcionar ao ambiente um ar acolhedor e encantador. P\u00e9s em madeira maci\u00e7a Eucalipto com acabamento em Verniz Nogueira de alto padr\u00e3o. A pintura laca traz o acabamento de alto padr\u00e3o. Colch\u00e3o utilizado no tamanho padr\u00e3o solteiro: 1,88 x 0,88 mt.Caracter\u00edsticas:Peso: 80 kgNecessita Montagem: SimMontagem Flex: N\u00e3oSuporta At\u00e9 (kg): 80 kgTipo de Colch\u00e3o: SolteiroAltura do Estrado at\u00e9 o Ch\u00e3o: 23 cmEscala de Brilho: FoscoPossui Prateleiras: N\u00e3oAcabamento dos P\u00e9s: VernizItens Inclusos: 1 Cama Sof\u00e1, 1 Kit Ferragens, 1 Manual de MontagemTamanho do Colch\u00e3o Indicado (L x C): 88cm x 188cmTipo de Estrado: FixoPossui Ba\u00fa: N\u00e3oMaterial Principal: MDFLargura: 194 cmComplexidade da Montagem: Baixa: pode ser montado por uma pessoa sozinhaGarantia: 12 mesesSapatas Niveladoras: N\u00e3oTipo de Madeira Maci\u00e7a dos P\u00e9s: EucaliptoCor do Produto: BrancoAcompanha Colch\u00e3o: N\u00e3oAmbiente Principal: Quarto InfantilEstilo: ModernoMaterial do Estrado: Madeira Maci\u00e7aLinha ou Cole\u00e7\u00e3o: ZenCor Flex: N\u00e3oAcompanha Cama Auxiliar: N\u00e3oPossui Gavetas: N\u00e3oPermite a Utiliza\u00e7\u00e3o de Cama Auxiliar: N\u00e3oTipo de Cama: CamaOrigem do Produto: NacionalAcabamento: LacaProfundidade: 96 cmAltura: 65 cmTamanho da Cama: SolteiroSistema de Montagem: Parafusos, Minifix, Cavilhas.Possui Escrivaninha: N\u00e3oPossui Portas: N\u00e3oAcompanha Cabeceira: N\u00e3oPossui P\u00e9s: 04Possui ilumina\u00e7\u00e3o: N\u00e3oPossui Rod\u00edzio: N\u00e3oExtens\u00edvel: N\u00e3oMaterial dos P\u00e9s: Madeira Maci\u00e7aAltura dos P\u00e9s: 7 cmCor Predominante: Brancomodular: N\u00e3oRecomenda\u00e7\u00f5es de Uso, Manuten\u00e7\u00e3o e Limpeza: Para higieniza\u00e7\u00e3o, utilizar um pano levemente umedecido.Cor: Branco<\/p>\n<h4>Aproveite e pesquise o pre\u00e7o deste produto em dezenas de lojas dos marketplaces abaixo:<\/h4>\n<p><a href=\"https:\/\/www.magazinevoce.com.br\/magazineezu\/busca\/Cama Sof\u00e1 Infantil Zen Branco\/\" target=\"_blank\" rel=\"noopener\"><img decoding=\"async\" src=\"https:\/\/mvc.mlcdn.com.br\/ad\/2503_superofertas.png\" alt=\"Pesquise no Magazine eZu\" \/> &#8211; da Parceria MAGALU<\/a>.<\/p>\n<p>Ainda n\u00e3o encontrou a melhor op\u00e7\u00e3o de compra? Oferecemos mais uma possibilidade de <strong>busca<\/strong> mais ampla para <a href=\"https:\/\/ecompare.com.br\/lojas\/resultados-da-pesquisa\/?q=Cama Sof\u00e1 Infantil Zen Branco#gsc.tab=0&amp;gsc.q=Cama Sof\u00e1 Infantil Zen Branco&amp;gsc.page=1\" target=\"_blank\" rel=\"noopener\">Cama Sof\u00e1 Infantil Zen Branco, clique e continue <strong>pesquisando&#8230;<\/strong><\/a><\/p>\n<hr \/>\n","protected":false},"excerpt":{"rendered":"<p>R$ 2852.93 nas lojas <a href=\"https:\/\/www.awin1.com\/pclick.php?p=38605496813&#038;a=690303&#038;m=100453\" target=\"_blank\" rel=\"sponsored\">Casa Tema BR<\/a><\/p>\n","protected":false},"author":1,"featured_media":0,"comment_status":"closed","ping_status":"closed","sticky":false,"template":"","format":"standard","meta":{"footnotes":""},"categories":[2],"tags":[1752,21],"class_list":["post-84551","post","type-post","status-publish","format-standard","hentry","category-produtos","tag-2852-93","tag-casa-tema-br"],"_links":{"self":[{"href":"https:\/\/jr1.com.br\/shopping\/wp-json\/wp\/v2\/posts\/84551","targetHints":{"allow":["GET"]}}],"collection":[{"href":"https:\/\/jr1.com.br\/shopping\/wp-json\/wp\/v2\/posts"}],"about":[{"href":"https:\/\/jr1.com.br\/shopping\/wp-json\/wp\/v2\/types\/post"}],"author":[{"embeddable":true,"href":"https:\/\/jr1.com.br\/shopping\/wp-json\/wp\/v2\/users\/1"}],"replies":[{"embeddable":true,"href":"https:\/\/jr1.com.br\/shopping\/wp-json\/wp\/v2\/comments?post=84551"}],"version-history":[{"count":0,"href":"https:\/\/jr1.com.br\/shopping\/wp-json\/wp\/v2\/posts\/84551\/revisions"}],"wp:attachment":[{"href":"https:\/\/jr1.com.br\/shopping\/wp-json\/wp\/v2\/media?parent=84551"}],"wp:term":[{"taxonomy":"category","embeddable":true,"href":"https:\/\/jr1.com.br\/shopping\/wp-json\/wp\/v2\/categories?post=84551"},{"taxonomy":"post_tag","embeddable":true,"href":"https:\/\/jr1.com.br\/shopping\/wp-json\/wp\/v2\/tags?post=84551"}],"curies":[{"name":"wp","href":"https:\/\/api.w.org\/{rel}","templated":true}]}}