{"id":84603,"date":"2026-03-10T04:43:12","date_gmt":"2026-03-10T04:43:12","guid":{"rendered":"https:\/\/jr1.com.br\/shopping\/2026\/03\/10\/mesa-infantil-com-2-cadeiras-mariah-madeira-macica-e-laca-casatema-branco-vermelho\/"},"modified":"2026-03-10T04:43:12","modified_gmt":"2026-03-10T04:43:12","slug":"mesa-infantil-com-2-cadeiras-mariah-madeira-macica-e-laca-casatema-branco-vermelho","status":"publish","type":"post","link":"https:\/\/jr1.com.br\/shopping\/2026\/03\/10\/mesa-infantil-com-2-cadeiras-mariah-madeira-macica-e-laca-casatema-branco-vermelho\/","title":{"rendered":"Mesa Infantil com 2 cadeiras Mariah Madeira Maci\u00e7a e Laca Casatema Branco\/Vermelho"},"content":{"rendered":"<h2><\/h2>\n<h3>O pre\u00e7o de Mesa Infantil com 2 cadeiras Mariah Madeira Maci\u00e7a e Laca Casatema Branco\/Vermelho no dia acima especificado era de <strong>R$ 857.66<\/strong>.<\/h3>\n<p>Confira o pre\u00e7o atual aqui: <a href=\"https:\/\/www.awin1.com\/pclick.php?p=38605496825&#038;a=690303&#038;m=100453\" rel=\"noopener sponsored\"><img decoding=\"async\" src=\"https:\/\/ui.awin.com\/images\/upload\/merchant\/profile\/100453.png\" alt=\"Mesa Infantil com 2 cadeiras Mariah Madeira Maci\u00e7a e Laca Casatema Branco\/Vermelho\" \/> &#8211; nas lojas Casa Tema BR<\/a><\/p>\n<p><img decoding=\"async\" src=\"https:\/\/casatema.vteximg.com.br\/arquivos\/ids\/900447_2\" alt=\"Mesa Infantil com 2 cadeiras Mariah Madeira Maci\u00e7a e Laca Casatema Branco\/Vermelho\" \/><br \/>\nMesa Infantil com 2 cadeiras Mariah Madeira Maci\u00e7a e Laca Casatema Branco\/VermelhoMesa Infantil com 2 cadeiras Mariah Madeira Maci\u00e7a e Laca Casatema Branco\/Vermelho. Mesa Infantil com 2 cadeiras Mariah Madeira Maci\u00e7a e Laca Casatema Branco fosco \/ Vermelho. Proporcione momentos de divers\u00e3o para as crian\u00e7as e toda sua fam\u00edlia com o conjunto de mesa e cadeiras infantil que oferece diversas op\u00e7\u00f5es de utiliza\u00e7\u00e3o, como ler, desenhar e colorir. Os mesmos contam com acabamento em laca que permite mais resist\u00eancia e prote\u00e7\u00e3o ao m\u00f3vel.Caracter\u00edsticas:Cor Predominante: BrancoAmbiente Principal: Quarto InfantilMaterial Principal: Madeira Maci\u00e7aGarantia: 03 mesesAmbiente: nullCor: Branco\/VermelhoAcabamento: Laca<\/p>\n<h4>Aproveite e pesquise o pre\u00e7o deste produto em dezenas de lojas dos marketplaces abaixo:<\/h4>\n<p><a href=\"https:\/\/www.magazinevoce.com.br\/magazineezu\/busca\/Mesa Infantil com 2 cadeiras Mariah Madeira Maci\u00e7a e Laca Casatema Branco\/Vermelho\/\" target=\"_blank\" rel=\"noopener\"><img decoding=\"async\" src=\"https:\/\/mvc.mlcdn.com.br\/ad\/2503_superofertas.png\" alt=\"Pesquise no Magazine eZu\" \/> &#8211; da Parceria MAGALU<\/a>.<\/p>\n<p>Ainda n\u00e3o encontrou a melhor op\u00e7\u00e3o de compra? Oferecemos mais uma possibilidade de <strong>busca<\/strong> mais ampla para <a href=\"https:\/\/ecompare.com.br\/lojas\/resultados-da-pesquisa\/?q=Mesa Infantil com 2 cadeiras Mariah Madeira Maci\u00e7a e Laca Casatema Branco\/Vermelho#gsc.tab=0&amp;gsc.q=Mesa Infantil com 2 cadeiras Mariah Madeira Maci\u00e7a e Laca Casatema Branco\/Vermelho&amp;gsc.page=1\" target=\"_blank\" rel=\"noopener\">Mesa Infantil com 2 cadeiras Mariah Madeira Maci\u00e7a e Laca Casatema Branco\/Vermelho, clique e continue <strong>pesquisando&#8230;<\/strong><\/a><\/p>\n<hr \/>\n","protected":false},"excerpt":{"rendered":"<p>R$ 857.66 nas lojas <a href=\"https:\/\/www.awin1.com\/pclick.php?p=38605496825&#038;a=690303&#038;m=100453\" target=\"_blank\" rel=\"sponsored\">Casa Tema BR<\/a><\/p>\n","protected":false},"author":1,"featured_media":0,"comment_status":"closed","ping_status":"closed","sticky":false,"template":"","format":"standard","meta":{"footnotes":""},"categories":[2],"tags":[328,21],"class_list":["post-84603","post","type-post","status-publish","format-standard","hentry","category-produtos","tag-857-66","tag-casa-tema-br"],"_links":{"self":[{"href":"https:\/\/jr1.com.br\/shopping\/wp-json\/wp\/v2\/posts\/84603","targetHints":{"allow":["GET"]}}],"collection":[{"href":"https:\/\/jr1.com.br\/shopping\/wp-json\/wp\/v2\/posts"}],"about":[{"href":"https:\/\/jr1.com.br\/shopping\/wp-json\/wp\/v2\/types\/post"}],"author":[{"embeddable":true,"href":"https:\/\/jr1.com.br\/shopping\/wp-json\/wp\/v2\/users\/1"}],"replies":[{"embeddable":true,"href":"https:\/\/jr1.com.br\/shopping\/wp-json\/wp\/v2\/comments?post=84603"}],"version-history":[{"count":0,"href":"https:\/\/jr1.com.br\/shopping\/wp-json\/wp\/v2\/posts\/84603\/revisions"}],"wp:attachment":[{"href":"https:\/\/jr1.com.br\/shopping\/wp-json\/wp\/v2\/media?parent=84603"}],"wp:term":[{"taxonomy":"category","embeddable":true,"href":"https:\/\/jr1.com.br\/shopping\/wp-json\/wp\/v2\/categories?post=84603"},{"taxonomy":"post_tag","embeddable":true,"href":"https:\/\/jr1.com.br\/shopping\/wp-json\/wp\/v2\/tags?post=84603"}],"curies":[{"name":"wp","href":"https:\/\/api.w.org\/{rel}","templated":true}]}}