{"id":85020,"date":"2026-03-26T06:22:34","date_gmt":"2026-03-26T06:22:34","guid":{"rendered":"https:\/\/jr1.com.br\/shopping\/2026\/03\/26\/med-for-you-professional-discipline-control-creme-disciplinante-250ml\/"},"modified":"2026-03-26T06:22:34","modified_gmt":"2026-03-26T06:22:34","slug":"med-for-you-professional-discipline-control-creme-disciplinante-250ml","status":"publish","type":"post","link":"https:\/\/jr1.com.br\/shopping\/2026\/03\/26\/med-for-you-professional-discipline-control-creme-disciplinante-250ml\/","title":{"rendered":"Med For You Professional Discipline Control &#8211; Creme Disciplinante 250ml"},"content":{"rendered":"<h2>Sa\u00fade e beleza > Cuidados pessoais > Cuidados com os cabelos<\/h2>\n<h3>O pre\u00e7o de Med For You Professional Discipline Control &#8211; Creme Disciplinante 250ml no dia acima especificado era de <strong>R$ 160.90<\/strong>.<\/h3>\n<p>Confira o pre\u00e7o atual aqui: <a href=\"https:\/\/www.awin1.com\/pclick.php?p=40666752033&#038;a=690303&#038;m=62481\" rel=\"noopener sponsored\"><img decoding=\"async\" src=\"https:\/\/ui.awin.com\/images\/upload\/merchant\/profile\/62481.png\" alt=\"Med For You Professional Discipline Control - Creme Disciplinante 250ml\" \/> &#8211; nas lojas Beleza na Web PRO BR<\/a><\/p>\n<p><img decoding=\"async\" src=\"https:\/\/res.cloudinary.com\/beleza-na-web\/image\/upload\/w_1500\/f_auto\/fl_progressive\/q_auto:best\/v1\/imagens\/products\/20044355\/20044355.png\" alt=\"Med For You Professional Discipline Control - Creme Disciplinante 250ml\" \/><br \/>\nCreme disciplinante para cabelos arrepiados e com frizz. Med For You Professional Discipline Control promove resultado de fios disciplinados com movimento natural e brilho intenso. Recomendado para uso profisisonal, o Creme Disciplinante Med For You Professional Discipline Control apresenta a\u00e7\u00e3o disciplinante nos fios com sua f\u00f3rmula composta pelo blend de \u00f3leos de C\u00e1lamo, Mirra, Canela e Oliva e pelo Aceto Bals\u00e2mico. Essa combina\u00e7\u00e3o proporciona cabelos com movimento natural, hidratados, cut\u00edculas seladas e extremamente brilhantes. *Recomendado para uso profissional. A Med For You Professional \u00e9 uma marca brasileira para profissionais e consumidores que valorizam os diferentes tipos de beleza, pois cada cabelo tem seu brilho. Apresenta cosm\u00e9ticos profissionais e sistemas de tratamentos capilares de alta tecnologia com ativos inovadores em f\u00f3rmulas eco friendly. Eleve o n\u00edvel dos servi\u00e7os oferecidos no seu sal\u00e3o com os produtos da Med For You Professional e entregue resultados incr\u00edveis aos seus clientes, tornando-os ainda mais satisfeitos e confiantes com seus cabelos! Encontre aqui mais produtos da Med For You Profesional .<\/p>\n<h4>Aproveite e pesquise o pre\u00e7o deste produto em dezenas de lojas dos marketplaces abaixo:<\/h4>\n<p><a href=\"https:\/\/www.magazinevoce.com.br\/magazineezu\/busca\/Med For You Professional Discipline Control - Creme Disciplinante 250ml\/\" target=\"_blank\" rel=\"noopener\"><img decoding=\"async\" src=\"https:\/\/mvc.mlcdn.com.br\/ad\/2503_superofertas.png\" alt=\"Pesquise no Magazine eZu\" \/> &#8211; da Parceria MAGALU<\/a>.<\/p>\n<p>Ainda n\u00e3o encontrou a melhor op\u00e7\u00e3o de compra? Oferecemos mais uma possibilidade de <strong>busca<\/strong> mais ampla para <a href=\"https:\/\/ecompare.com.br\/lojas\/resultados-da-pesquisa\/?q=Med For You Professional Discipline Control - Creme Disciplinante 250ml#gsc.tab=0&amp;gsc.q=Med For You Professional Discipline Control - Creme Disciplinante 250ml&amp;gsc.page=1\" target=\"_blank\" rel=\"noopener\">Med For You Professional Discipline Control &#8211; Creme Disciplinante 250ml, clique e continue <strong>pesquisando&#8230;<\/strong><\/a><\/p>\n<hr \/>\n","protected":false},"excerpt":{"rendered":"<p>R$ 160.90 nas lojas <a href=\"https:\/\/www.awin1.com\/pclick.php?p=40666752033&#038;a=690303&#038;m=62481\" target=\"_blank\" rel=\"sponsored\">Beleza na Web PRO BR<\/a><\/p>\n","protected":false},"author":1,"featured_media":0,"comment_status":"closed","ping_status":"closed","sticky":false,"template":"","format":"standard","meta":{"footnotes":""},"categories":[2],"tags":[2187,2949],"class_list":["post-85020","post","type-post","status-publish","format-standard","hentry","category-produtos","tag-160-90","tag-beleza-na-web-pro-br"],"_links":{"self":[{"href":"https:\/\/jr1.com.br\/shopping\/wp-json\/wp\/v2\/posts\/85020","targetHints":{"allow":["GET"]}}],"collection":[{"href":"https:\/\/jr1.com.br\/shopping\/wp-json\/wp\/v2\/posts"}],"about":[{"href":"https:\/\/jr1.com.br\/shopping\/wp-json\/wp\/v2\/types\/post"}],"author":[{"embeddable":true,"href":"https:\/\/jr1.com.br\/shopping\/wp-json\/wp\/v2\/users\/1"}],"replies":[{"embeddable":true,"href":"https:\/\/jr1.com.br\/shopping\/wp-json\/wp\/v2\/comments?post=85020"}],"version-history":[{"count":0,"href":"https:\/\/jr1.com.br\/shopping\/wp-json\/wp\/v2\/posts\/85020\/revisions"}],"wp:attachment":[{"href":"https:\/\/jr1.com.br\/shopping\/wp-json\/wp\/v2\/media?parent=85020"}],"wp:term":[{"taxonomy":"category","embeddable":true,"href":"https:\/\/jr1.com.br\/shopping\/wp-json\/wp\/v2\/categories?post=85020"},{"taxonomy":"post_tag","embeddable":true,"href":"https:\/\/jr1.com.br\/shopping\/wp-json\/wp\/v2\/tags?post=85020"}],"curies":[{"name":"wp","href":"https:\/\/api.w.org\/{rel}","templated":true}]}}