{"id":86417,"date":"2026-03-08T23:02:51","date_gmt":"2026-03-08T23:02:51","guid":{"rendered":"https:\/\/jr1.com.br\/shopping\/2026\/03\/08\/dailus-lavanda-creme-para-as-maos-e-cuticulas-28g\/"},"modified":"2026-03-08T23:02:51","modified_gmt":"2026-03-08T23:02:51","slug":"dailus-lavanda-creme-para-as-maos-e-cuticulas-28g","status":"publish","type":"post","link":"https:\/\/jr1.com.br\/shopping\/2026\/03\/08\/dailus-lavanda-creme-para-as-maos-e-cuticulas-28g\/","title":{"rendered":"Dailus Lavanda &#8211; Creme para as M\u00e3os e Cut\u00edculas 28g"},"content":{"rendered":"<h2>Sa\u00fade e beleza > Cuidados pessoais > Cosm\u00e9ticos > Cuidados com a pele > Creme hidratante<\/h2>\n<h3>O pre\u00e7o de Dailus Lavanda &#8211; Creme para as M\u00e3os e Cut\u00edculas 28g no dia acima especificado era de <strong>R$ 19.90<\/strong>.<\/h3>\n<p>Confira o pre\u00e7o atual aqui: <a href=\"https:\/\/www.awin1.com\/pclick.php?p=40666753483&#038;a=690303&#038;m=62481\" rel=\"noopener sponsored\"><img decoding=\"async\" src=\"https:\/\/ui.awin.com\/images\/upload\/merchant\/profile\/62481.png\" alt=\"Dailus Lavanda - Creme para as M\u00e3os e Cut\u00edculas 28g\" \/> &#8211; nas lojas Beleza na Web PRO BR<\/a><\/p>\n<p><img decoding=\"async\" src=\"https:\/\/res.cloudinary.com\/beleza-na-web\/image\/upload\/w_1500\/f_auto\/fl_progressive\/q_auto:best\/v1\/imagens\/product\/20049610\/2641d53f-e9c7-4e87-a780-3534333db2a1-dailus-lavanda-creme-para-as-maos-e-cuticulas-28g.png\" alt=\"Dailus Lavanda - Creme para as M\u00e3os e Cut\u00edculas 28g\" \/><br \/>\nCreme para as m\u00e3os e cut\u00edculas. Dailus Lavanda promove nutri\u00e7\u00e3o, hidrata\u00e7\u00e3o e prote\u00e7\u00e3o da pele, de dentro para fora. O Creme para as M\u00e3os e Cut\u00edculas Dailus Lavanda combate o envelhecimento prematuro da pele ao mesmo tempo em que exala agrad\u00e1vel aroma. Sua composi\u00e7\u00e3o cont\u00e9m uma mistura de \u00f3leos que proporcionam cuidado \u00e0s m\u00e3os, al\u00e9m de r\u00e1pida absor\u00e7\u00e3o que n\u00e3o deixa sensa\u00e7\u00e3o pegajosa e, tamb\u00e9m, sem danificar a esmalta\u00e7\u00e3o. Produto Vegano, Livre de parabenos, sem corantes, sulfatos, petrolatos ou \u00f3leo mineral. Testado dermatologicamente e cruelty-free. A marca Dailus tem um portf\u00f3lio extenso de cosm\u00e9ticos, com produtos de qualidade \u00e0 pre\u00e7os acess\u00edveis. Ideal para compor looks incr\u00edveis e sempre ligado no que h\u00e1 de mais novo e tend\u00eancia no mercado da moda. Encontre aqui os outros produtos da marca Dailus.<\/p>\n<h4>Aproveite e pesquise o pre\u00e7o deste produto em dezenas de lojas dos marketplaces abaixo:<\/h4>\n<p><a href=\"https:\/\/www.magazinevoce.com.br\/magazineezu\/busca\/Dailus Lavanda - Creme para as M\u00e3os e Cut\u00edculas 28g\/\" target=\"_blank\" rel=\"noopener\"><img decoding=\"async\" src=\"https:\/\/mvc.mlcdn.com.br\/ad\/2503_superofertas.png\" alt=\"Pesquise no Magazine eZu\" \/> &#8211; da Parceria MAGALU<\/a>.<\/p>\n<p>Ainda n\u00e3o encontrou a melhor op\u00e7\u00e3o de compra? Oferecemos mais uma possibilidade de <strong>busca<\/strong> mais ampla para <a href=\"https:\/\/ecompare.com.br\/lojas\/resultados-da-pesquisa\/?q=Dailus Lavanda - Creme para as M\u00e3os e Cut\u00edculas 28g#gsc.tab=0&amp;gsc.q=Dailus Lavanda - Creme para as M\u00e3os e Cut\u00edculas 28g&amp;gsc.page=1\" target=\"_blank\" rel=\"noopener\">Dailus Lavanda &#8211; Creme para as M\u00e3os e Cut\u00edculas 28g, clique e continue <strong>pesquisando&#8230;<\/strong><\/a><\/p>\n<hr \/>\n","protected":false},"excerpt":{"rendered":"<p>R$ 19.90 nas lojas <a href=\"https:\/\/www.awin1.com\/pclick.php?p=40666753483&#038;a=690303&#038;m=62481\" target=\"_blank\" rel=\"sponsored\">Beleza na Web PRO BR<\/a><\/p>\n","protected":false},"author":1,"featured_media":0,"comment_status":"closed","ping_status":"closed","sticky":false,"template":"","format":"standard","meta":{"footnotes":""},"categories":[2],"tags":[2403,2949],"class_list":["post-86417","post","type-post","status-publish","format-standard","hentry","category-produtos","tag-19-90","tag-beleza-na-web-pro-br"],"_links":{"self":[{"href":"https:\/\/jr1.com.br\/shopping\/wp-json\/wp\/v2\/posts\/86417","targetHints":{"allow":["GET"]}}],"collection":[{"href":"https:\/\/jr1.com.br\/shopping\/wp-json\/wp\/v2\/posts"}],"about":[{"href":"https:\/\/jr1.com.br\/shopping\/wp-json\/wp\/v2\/types\/post"}],"author":[{"embeddable":true,"href":"https:\/\/jr1.com.br\/shopping\/wp-json\/wp\/v2\/users\/1"}],"replies":[{"embeddable":true,"href":"https:\/\/jr1.com.br\/shopping\/wp-json\/wp\/v2\/comments?post=86417"}],"version-history":[{"count":0,"href":"https:\/\/jr1.com.br\/shopping\/wp-json\/wp\/v2\/posts\/86417\/revisions"}],"wp:attachment":[{"href":"https:\/\/jr1.com.br\/shopping\/wp-json\/wp\/v2\/media?parent=86417"}],"wp:term":[{"taxonomy":"category","embeddable":true,"href":"https:\/\/jr1.com.br\/shopping\/wp-json\/wp\/v2\/categories?post=86417"},{"taxonomy":"post_tag","embeddable":true,"href":"https:\/\/jr1.com.br\/shopping\/wp-json\/wp\/v2\/tags?post=86417"}],"curies":[{"name":"wp","href":"https:\/\/api.w.org\/{rel}","templated":true}]}}