{"id":86562,"date":"2026-03-10T05:52:36","date_gmt":"2026-03-10T05:52:36","guid":{"rendered":"https:\/\/jr1.com.br\/shopping\/2026\/03\/10\/oceane-protetor-termico-140ml\/"},"modified":"2026-03-10T05:52:36","modified_gmt":"2026-03-10T05:52:36","slug":"oceane-protetor-termico-140ml","status":"publish","type":"post","link":"https:\/\/jr1.com.br\/shopping\/2026\/03\/10\/oceane-protetor-termico-140ml\/","title":{"rendered":"Oc\u00e9ane &#8211; Protetor T\u00e9rmico 140ml"},"content":{"rendered":"<h2>Sa\u00fade e beleza > Cuidados pessoais > Cuidados com os cabelos<\/h2>\n<h3>O pre\u00e7o de Oc\u00e9ane &#8211; Protetor T\u00e9rmico 140ml no dia acima especificado era de <strong>R$ 93.90<\/strong>.<\/h3>\n<p>Confira o pre\u00e7o atual aqui: <a href=\"https:\/\/www.awin1.com\/pclick.php?p=40666753712&#038;a=690303&#038;m=62481\" rel=\"noopener sponsored\"><img decoding=\"async\" src=\"https:\/\/ui.awin.com\/images\/upload\/merchant\/profile\/62481.png\" alt=\"Oc\u00e9ane - Protetor T\u00e9rmico 140ml\" \/> &#8211; nas lojas Beleza na Web PRO BR<\/a><\/p>\n<p><img decoding=\"async\" src=\"https:\/\/res.cloudinary.com\/beleza-na-web\/image\/upload\/w_1500\/f_auto\/fl_progressive\/q_auto:best\/v1\/imagens\/product\/20050227\/8056789e-ddc1-4106-9acf-841be355262c-oceane-protetor-termico-140ml.png\" alt=\"Oc\u00e9ane - Protetor T\u00e9rmico 140ml\" \/><br \/>\nProtetor t\u00e9rmico para todos os tipos de cabelos, especialmente fr\u00e1geis. Oc\u00e9ane protege os fios das altas temperaturas. O Protetor T\u00e9rmico Oc\u00e9ane apresenta uma textura leve e leitosa, conferindo um toque suave sem pesar na apar\u00eancia dos fios. Sua f\u00f3rmula \u00e9 enriquecida com ativos que n\u00e3o apenas fortificam os cabelos, mas tamb\u00e9m proporcionam hidrata\u00e7\u00e3o e brilho not\u00e1veis. Destacam-se a Canela da China, a Mirra, o Azeite e a Raiz de C\u00e1lamo, ingredientes que contribuem para resultados excepcionais. A marca Oc\u00e9ane , fundada em 2007, \u00e9 dedicada aos setores de beleza, cosm\u00e9ticos e cuidados pessoais, com o objetivo de oferecer uma abordagem de beleza espont\u00e2nea e acess\u00edvel ao seu p\u00fablico-alvo. Sua variedade de produtos abrange desde cuidados com a pele, produzidos na Cor\u00e9ia do Sul, at\u00e9 acess\u00f3rios para momentos de bem-estar e autocuidado, al\u00e9m de op\u00e7\u00f5es em maquiagem e cuidados capilares, proporcionando cada vez mais uma rotina descomplicada de cuidados. Outro destaque da marca s\u00e3o as collabs by Oc\u00e9ane, que consistem em parcerias especiais com personalidades influentes como os produtos de maquiagem e skincare assinados por nomes como Mariana Saad, Larissa Manoela, Consuelo Blocker, N\u00e1dia Tambasco, Mar\u00edlia Mendon\u00e7a e Sabrina Sato, que refor\u00e7am o compromisso em oferecer qualidade e inova\u00e7\u00e3o. Eleve o n\u00edvel dos servi\u00e7os oferecidos no seu sal\u00e3o com o poderoso Protetor T\u00e9rmico Oc\u00e9ane e entregue resultados incr\u00edveis aos seus clientes, tornando-os ainda mais satisfeitos e confiantes com seus cabelos! Encontre aqui os outros produtos da marca Oc\u00e9ane .<\/p>\n<h4>Aproveite e pesquise o pre\u00e7o deste produto em dezenas de lojas dos marketplaces abaixo:<\/h4>\n<p><a href=\"https:\/\/www.magazinevoce.com.br\/magazineezu\/busca\/Oc\u00e9ane - Protetor T\u00e9rmico 140ml\/\" target=\"_blank\" rel=\"noopener\"><img decoding=\"async\" src=\"https:\/\/mvc.mlcdn.com.br\/ad\/2503_superofertas.png\" alt=\"Pesquise no Magazine eZu\" \/> &#8211; da Parceria MAGALU<\/a>.<\/p>\n<p>Ainda n\u00e3o encontrou a melhor op\u00e7\u00e3o de compra? Oferecemos mais uma possibilidade de <strong>busca<\/strong> mais ampla para <a href=\"https:\/\/ecompare.com.br\/lojas\/resultados-da-pesquisa\/?q=Oc\u00e9ane - Protetor T\u00e9rmico 140ml#gsc.tab=0&amp;gsc.q=Oc\u00e9ane - Protetor T\u00e9rmico 140ml&amp;gsc.page=1\" target=\"_blank\" rel=\"noopener\">Oc\u00e9ane &#8211; Protetor T\u00e9rmico 140ml, clique e continue <strong>pesquisando&#8230;<\/strong><\/a><\/p>\n<hr \/>\n","protected":false},"excerpt":{"rendered":"<p>R$ 93.90 nas lojas <a href=\"https:\/\/www.awin1.com\/pclick.php?p=40666753712&#038;a=690303&#038;m=62481\" target=\"_blank\" rel=\"sponsored\">Beleza na Web PRO BR<\/a><\/p>\n","protected":false},"author":1,"featured_media":0,"comment_status":"closed","ping_status":"closed","sticky":false,"template":"","format":"standard","meta":{"footnotes":""},"categories":[2],"tags":[2539,2949],"class_list":["post-86562","post","type-post","status-publish","format-standard","hentry","category-produtos","tag-93-90","tag-beleza-na-web-pro-br"],"_links":{"self":[{"href":"https:\/\/jr1.com.br\/shopping\/wp-json\/wp\/v2\/posts\/86562","targetHints":{"allow":["GET"]}}],"collection":[{"href":"https:\/\/jr1.com.br\/shopping\/wp-json\/wp\/v2\/posts"}],"about":[{"href":"https:\/\/jr1.com.br\/shopping\/wp-json\/wp\/v2\/types\/post"}],"author":[{"embeddable":true,"href":"https:\/\/jr1.com.br\/shopping\/wp-json\/wp\/v2\/users\/1"}],"replies":[{"embeddable":true,"href":"https:\/\/jr1.com.br\/shopping\/wp-json\/wp\/v2\/comments?post=86562"}],"version-history":[{"count":0,"href":"https:\/\/jr1.com.br\/shopping\/wp-json\/wp\/v2\/posts\/86562\/revisions"}],"wp:attachment":[{"href":"https:\/\/jr1.com.br\/shopping\/wp-json\/wp\/v2\/media?parent=86562"}],"wp:term":[{"taxonomy":"category","embeddable":true,"href":"https:\/\/jr1.com.br\/shopping\/wp-json\/wp\/v2\/categories?post=86562"},{"taxonomy":"post_tag","embeddable":true,"href":"https:\/\/jr1.com.br\/shopping\/wp-json\/wp\/v2\/tags?post=86562"}],"curies":[{"name":"wp","href":"https:\/\/api.w.org\/{rel}","templated":true}]}}