{"id":87386,"date":"2026-03-23T15:08:20","date_gmt":"2026-03-23T15:08:20","guid":{"rendered":"https:\/\/jr1.com.br\/shopping\/2026\/03\/23\/jacques-janine-professionnel-blond-yourself-mascara-capilar-240g\/"},"modified":"2026-03-23T15:08:20","modified_gmt":"2026-03-23T15:08:20","slug":"jacques-janine-professionnel-blond-yourself-mascara-capilar-240g","status":"publish","type":"post","link":"https:\/\/jr1.com.br\/shopping\/2026\/03\/23\/jacques-janine-professionnel-blond-yourself-mascara-capilar-240g\/","title":{"rendered":"Jacques Janine Professionnel Blond Yourself &#8211; M\u00e1scara Capilar 240g"},"content":{"rendered":"<h2>Sa\u00fade e beleza > Cuidados pessoais > Cuidados com os cabelos<\/h2>\n<h3>O pre\u00e7o de Jacques Janine Professionnel Blond Yourself &#8211; M\u00e1scara Capilar 240g no dia acima especificado era de <strong>R$ 98.90<\/strong>.<\/h3>\n<p>Confira o pre\u00e7o atual aqui: <a href=\"https:\/\/www.awin1.com\/pclick.php?p=40666755145&#038;a=690303&#038;m=62481\" rel=\"noopener sponsored\"><img decoding=\"async\" src=\"https:\/\/ui.awin.com\/images\/upload\/merchant\/profile\/62481.png\" alt=\"Jacques Janine Professionnel Blond Yourself - M\u00e1scara Capilar 240g\" \/> &#8211; nas lojas Beleza na Web PRO BR<\/a><\/p>\n<p><img decoding=\"async\" src=\"https:\/\/res.cloudinary.com\/beleza-na-web\/image\/upload\/w_1500\/f_auto\/fl_progressive\/q_auto:best\/v1\/imagens\/product\/20053367\/4e35369b-ba36-4b0c-9fcd-5faad150a7c7-20053367-jacques-janine-blond-yourself-masc-240g.png\" alt=\"Jacques Janine Professionnel Blond Yourself - M\u00e1scara Capilar 240g\" \/><br \/>\nM\u00e1scara capilar para cabelos loiros, brancos, descoloridos ou com luzes. Jacques Janine Professionnel Blond Yourself repara os fios e reduz o tom amarelado. A M\u00e1scara Capilar Jacques Janine Professionnel Blond Yourself traz f\u00f3rmula com Violet Flowers Complex e Seriseal, que cont\u00e9m propriedades antioxidantes e matizantes e que ajudam a promover brilho intenso, sedosidade e maciez al\u00e9m de garantir fios sem aquele amarelado indesejado. A linha Blond Yourself , de Jacques Janine Professionnel , foi especialmente desenvolvida para cuidar dos cabelos loiros, brancos, descoloridos ou com luzes, garantindo a prote\u00e7\u00e3o da cor, eliminando o amarelado e promovendo mais cuidados aos fios. Eleve o n\u00edvel dos servi\u00e7os oferecidos no seu sal\u00e3o com a poderosa M\u00e1scara Capilar Jacques Janine Professionnel Blond Yourself e entregue resultados incr\u00edveis aos seus clientes, tornando-os ainda mais satisfeitos e confiantes com seus cabelos! Encontre aqui os outros produtos da linha Blond Yourself .<\/p>\n<h4>Aproveite e pesquise o pre\u00e7o deste produto em dezenas de lojas dos marketplaces abaixo:<\/h4>\n<p><a href=\"https:\/\/www.magazinevoce.com.br\/magazineezu\/busca\/Jacques Janine Professionnel Blond Yourself - M\u00e1scara Capilar 240g\/\" target=\"_blank\" rel=\"noopener\"><img decoding=\"async\" src=\"https:\/\/mvc.mlcdn.com.br\/ad\/2503_superofertas.png\" alt=\"Pesquise no Magazine eZu\" \/> &#8211; da Parceria MAGALU<\/a>.<\/p>\n<p>Ainda n\u00e3o encontrou a melhor op\u00e7\u00e3o de compra? Oferecemos mais uma possibilidade de <strong>busca<\/strong> mais ampla para <a href=\"https:\/\/ecompare.com.br\/lojas\/resultados-da-pesquisa\/?q=Jacques Janine Professionnel Blond Yourself - M\u00e1scara Capilar 240g#gsc.tab=0&amp;gsc.q=Jacques Janine Professionnel Blond Yourself - M\u00e1scara Capilar 240g&amp;gsc.page=1\" target=\"_blank\" rel=\"noopener\">Jacques Janine Professionnel Blond Yourself &#8211; M\u00e1scara Capilar 240g, clique e continue <strong>pesquisando&#8230;<\/strong><\/a><\/p>\n<hr \/>\n","protected":false},"excerpt":{"rendered":"<p>R$ 98.90 nas lojas <a href=\"https:\/\/www.awin1.com\/pclick.php?p=40666755145&#038;a=690303&#038;m=62481\" target=\"_blank\" rel=\"sponsored\">Beleza na Web PRO BR<\/a><\/p>\n","protected":false},"author":1,"featured_media":0,"comment_status":"closed","ping_status":"closed","sticky":false,"template":"","format":"standard","meta":{"footnotes":""},"categories":[2],"tags":[2085,2949],"class_list":["post-87386","post","type-post","status-publish","format-standard","hentry","category-produtos","tag-98-90","tag-beleza-na-web-pro-br"],"_links":{"self":[{"href":"https:\/\/jr1.com.br\/shopping\/wp-json\/wp\/v2\/posts\/87386","targetHints":{"allow":["GET"]}}],"collection":[{"href":"https:\/\/jr1.com.br\/shopping\/wp-json\/wp\/v2\/posts"}],"about":[{"href":"https:\/\/jr1.com.br\/shopping\/wp-json\/wp\/v2\/types\/post"}],"author":[{"embeddable":true,"href":"https:\/\/jr1.com.br\/shopping\/wp-json\/wp\/v2\/users\/1"}],"replies":[{"embeddable":true,"href":"https:\/\/jr1.com.br\/shopping\/wp-json\/wp\/v2\/comments?post=87386"}],"version-history":[{"count":0,"href":"https:\/\/jr1.com.br\/shopping\/wp-json\/wp\/v2\/posts\/87386\/revisions"}],"wp:attachment":[{"href":"https:\/\/jr1.com.br\/shopping\/wp-json\/wp\/v2\/media?parent=87386"}],"wp:term":[{"taxonomy":"category","embeddable":true,"href":"https:\/\/jr1.com.br\/shopping\/wp-json\/wp\/v2\/categories?post=87386"},{"taxonomy":"post_tag","embeddable":true,"href":"https:\/\/jr1.com.br\/shopping\/wp-json\/wp\/v2\/tags?post=87386"}],"curies":[{"name":"wp","href":"https:\/\/api.w.org\/{rel}","templated":true}]}}