{"id":87466,"date":"2026-03-04T14:56:39","date_gmt":"2026-03-04T14:56:39","guid":{"rendered":"https:\/\/jr1.com.br\/shopping\/2026\/03\/04\/ana-hickmann-beauty-velvet-skin-cp30-po-compacto-8g\/"},"modified":"2026-03-04T14:56:39","modified_gmt":"2026-03-04T14:56:39","slug":"ana-hickmann-beauty-velvet-skin-cp30-po-compacto-8g","status":"publish","type":"post","link":"https:\/\/jr1.com.br\/shopping\/2026\/03\/04\/ana-hickmann-beauty-velvet-skin-cp30-po-compacto-8g\/","title":{"rendered":"Ana Hickmann Beauty Velvet Skin CP30 &#8211; P\u00f3 Compacto 8g"},"content":{"rendered":"<h2>Sa\u00fade e beleza > Cuidados pessoais > Cosm\u00e9ticos > Maquiagem > Maquiagem para o rosto > P\u00f3 facial<\/h2>\n<h3>O pre\u00e7o de Ana Hickmann Beauty Velvet Skin CP30 &#8211; P\u00f3 Compacto 8g no dia acima especificado era de <strong>R$ 25.90<\/strong>.<\/h3>\n<p>Confira o pre\u00e7o atual aqui: <a href=\"https:\/\/www.awin1.com\/pclick.php?p=40666755234&#038;a=690303&#038;m=62481\" rel=\"noopener sponsored\"><img decoding=\"async\" src=\"https:\/\/ui.awin.com\/images\/upload\/merchant\/profile\/62481.png\" alt=\"Ana Hickmann Beauty Velvet Skin CP30 - P\u00f3 Compacto 8g\" \/> &#8211; nas lojas Beleza na Web PRO BR<\/a><\/p>\n<p><img decoding=\"async\" src=\"https:\/\/res.cloudinary.com\/beleza-na-web\/image\/upload\/w_1500\/f_auto\/fl_progressive\/q_auto:best\/v1\/imagens\/product\/20053753\/71809e79-3cf6-4c99-93c9-68bca1a03deb-20053753-ana-hickmann-com-pow-velvet-skin-cp30-8g.png\" alt=\"Ana Hickmann Beauty Velvet Skin CP30 - P\u00f3 Compacto 8g\" \/><br \/>\nP\u00f3 compacto com cobertura de m\u00e9dia \u00e0 alta. Ana Hickmann Beauty Velvet Skin possui textura aveludada com acabamento blur. O P\u00f3 Compacto Ana Hickmann Beauty Velvet Skin \u00e9 a novidade que vai auxiliar na produ\u00e7\u00e3o de makes e real\u00e7ar ainda mais a beleza. Pode ser aplicado de duas maneiras: como um produto independente ou para fixar a maquiagem, garantindo resultados excepcionais. A marca Ana Hickmann Beauty \u00e9 a realiza\u00e7\u00e3o do desejo da ex-modelo, empres\u00e1ria e apresentadora Ana Hickmann de criar sua pr\u00f3pria linha de cuidados com a pele, maquiagens e acess\u00f3rios. A marca veio pra atender \u00e0s necessidades das mulheres brasileiras com um extenso portf\u00f3lio, pensado e desenvolvido cuidadosamente com mat\u00e9rias-primas e tecnologia de \u00faltima gera\u00e7\u00e3o, al\u00e9m do carinho e dedica\u00e7\u00e3o da pr\u00f3pria Ana. Encontre aqui os outros produtos da marca Ana Hickmann Beauty .<\/p>\n<h4>Aproveite e pesquise o pre\u00e7o deste produto em dezenas de lojas dos marketplaces abaixo:<\/h4>\n<p><a href=\"https:\/\/www.magazinevoce.com.br\/magazineezu\/busca\/Ana Hickmann Beauty Velvet Skin CP30 - P\u00f3 Compacto 8g\/\" target=\"_blank\" rel=\"noopener\"><img decoding=\"async\" src=\"https:\/\/mvc.mlcdn.com.br\/ad\/2503_superofertas.png\" alt=\"Pesquise no Magazine eZu\" \/> &#8211; da Parceria MAGALU<\/a>.<\/p>\n<p>Ainda n\u00e3o encontrou a melhor op\u00e7\u00e3o de compra? Oferecemos mais uma possibilidade de <strong>busca<\/strong> mais ampla para <a href=\"https:\/\/ecompare.com.br\/lojas\/resultados-da-pesquisa\/?q=Ana Hickmann Beauty Velvet Skin CP30 - P\u00f3 Compacto 8g#gsc.tab=0&amp;gsc.q=Ana Hickmann Beauty Velvet Skin CP30 - P\u00f3 Compacto 8g&amp;gsc.page=1\" target=\"_blank\" rel=\"noopener\">Ana Hickmann Beauty Velvet Skin CP30 &#8211; P\u00f3 Compacto 8g, clique e continue <strong>pesquisando&#8230;<\/strong><\/a><\/p>\n<hr \/>\n","protected":false},"excerpt":{"rendered":"<p>R$ 25.90 nas lojas <a href=\"https:\/\/www.awin1.com\/pclick.php?p=40666755234&#038;a=690303&#038;m=62481\" target=\"_blank\" rel=\"sponsored\">Beleza na Web PRO BR<\/a><\/p>\n","protected":false},"author":1,"featured_media":0,"comment_status":"closed","ping_status":"closed","sticky":false,"template":"","format":"standard","meta":{"footnotes":""},"categories":[2],"tags":[3144,2949],"class_list":["post-87466","post","type-post","status-publish","format-standard","hentry","category-produtos","tag-25-90","tag-beleza-na-web-pro-br"],"_links":{"self":[{"href":"https:\/\/jr1.com.br\/shopping\/wp-json\/wp\/v2\/posts\/87466","targetHints":{"allow":["GET"]}}],"collection":[{"href":"https:\/\/jr1.com.br\/shopping\/wp-json\/wp\/v2\/posts"}],"about":[{"href":"https:\/\/jr1.com.br\/shopping\/wp-json\/wp\/v2\/types\/post"}],"author":[{"embeddable":true,"href":"https:\/\/jr1.com.br\/shopping\/wp-json\/wp\/v2\/users\/1"}],"replies":[{"embeddable":true,"href":"https:\/\/jr1.com.br\/shopping\/wp-json\/wp\/v2\/comments?post=87466"}],"version-history":[{"count":0,"href":"https:\/\/jr1.com.br\/shopping\/wp-json\/wp\/v2\/posts\/87466\/revisions"}],"wp:attachment":[{"href":"https:\/\/jr1.com.br\/shopping\/wp-json\/wp\/v2\/media?parent=87466"}],"wp:term":[{"taxonomy":"category","embeddable":true,"href":"https:\/\/jr1.com.br\/shopping\/wp-json\/wp\/v2\/categories?post=87466"},{"taxonomy":"post_tag","embeddable":true,"href":"https:\/\/jr1.com.br\/shopping\/wp-json\/wp\/v2\/tags?post=87466"}],"curies":[{"name":"wp","href":"https:\/\/api.w.org\/{rel}","templated":true}]}}