{"id":88477,"date":"2026-03-01T11:07:14","date_gmt":"2026-03-01T11:07:14","guid":{"rendered":"https:\/\/jr1.com.br\/shopping\/2026\/03\/01\/maybelline-superstay-active-wear-332-golden-caramel-base-liquida-30ml\/"},"modified":"2026-03-01T11:07:14","modified_gmt":"2026-03-01T11:07:14","slug":"maybelline-superstay-active-wear-332-golden-caramel-base-liquida-30ml","status":"publish","type":"post","link":"https:\/\/jr1.com.br\/shopping\/2026\/03\/01\/maybelline-superstay-active-wear-332-golden-caramel-base-liquida-30ml\/","title":{"rendered":"Maybelline SuperStay Active Wear 332 Golden Caramel &#8211; Base L\u00edquida 30ml"},"content":{"rendered":"<h2>Sa\u00fade e beleza > Cuidados pessoais > Cosm\u00e9ticos > Maquiagem > Maquiagem para o rosto > Bases e corretivos<\/h2>\n<h3>O pre\u00e7o de Maybelline SuperStay Active Wear 332 Golden Caramel &#8211; Base L\u00edquida 30ml no dia acima especificado era de <strong>R$ 133.90<\/strong>.<\/h3>\n<p>Confira o pre\u00e7o atual aqui: <a href=\"https:\/\/www.awin1.com\/pclick.php?p=40666756199&#038;a=690303&#038;m=62481\" rel=\"noopener sponsored\"><img decoding=\"async\" src=\"https:\/\/ui.awin.com\/images\/upload\/merchant\/profile\/62481.png\" alt=\"Maybelline SuperStay Active Wear 332 Golden Caramel - Base L\u00edquida 30ml\" \/> &#8211; nas lojas Beleza na Web PRO BR<\/a><\/p>\n<p><img decoding=\"async\" src=\"https:\/\/res.cloudinary.com\/beleza-na-web\/image\/upload\/w_1500\/f_auto\/fl_progressive\/q_auto:best\/v1\/imagens\/product\/20056785\/df1ecd8d-6fb5-4458-8185-1aa364b1c62a-20056785-maybelline-ss-fd-332-gold-cara-base-117g.png\" alt=\"Maybelline SuperStay Active Wear 332 Golden Caramel - Base L\u00edquida 30ml\" \/><br \/>\nBase l\u00edquida para todos os tipos de pele. Maybelline SuperStay Active Wear , alta cobertura, acabamento natural, efeito matte e dura at\u00e9 30h. A Base L\u00edquida Maybelline SuperStay Active Wear \u00e9 ideal para te acompanhar na rotina do dia a dia formando um filme resistente e flex\u00edvel sobre a pele, entregando uma sensa\u00e7\u00e3o confort\u00e1vel. Ela foi projetada para entregar alta performance, desliza pela pele, dando \u00e0 maquiagem um acabamento impec\u00e1vel. A base \u00e9 resistente \u00e0 \u00e1gua e ao suor, te deixando pronta e preparada para qualquer ocasi\u00e3o. Com 16 tons dispon\u00edveis, ela mant\u00e9m o tom natural da pele e te permite transformar completamente o visual. A linha SuperStay, de Maybelline apresenta produtos de longa dura\u00e7\u00e3o, para que a sua make permane\u00e7a intacta ao longo do dia, sem desbotar, borrar, craquelar e necessidade de retoque. Encontre aqui outros produtos da linha SuperStay.<\/p>\n<h4>Aproveite e pesquise o pre\u00e7o deste produto em dezenas de lojas dos marketplaces abaixo:<\/h4>\n<p><a href=\"https:\/\/www.magazinevoce.com.br\/magazineezu\/busca\/Maybelline SuperStay Active Wear 332 Golden Caramel - Base L\u00edquida 30ml\/\" target=\"_blank\" rel=\"noopener\"><img decoding=\"async\" src=\"https:\/\/mvc.mlcdn.com.br\/ad\/2503_superofertas.png\" alt=\"Pesquise no Magazine eZu\" \/> &#8211; da Parceria MAGALU<\/a>.<\/p>\n<p>Ainda n\u00e3o encontrou a melhor op\u00e7\u00e3o de compra? Oferecemos mais uma possibilidade de <strong>busca<\/strong> mais ampla para <a href=\"https:\/\/ecompare.com.br\/lojas\/resultados-da-pesquisa\/?q=Maybelline SuperStay Active Wear 332 Golden Caramel - Base L\u00edquida 30ml#gsc.tab=0&amp;gsc.q=Maybelline SuperStay Active Wear 332 Golden Caramel - Base L\u00edquida 30ml&amp;gsc.page=1\" target=\"_blank\" rel=\"noopener\">Maybelline SuperStay Active Wear 332 Golden Caramel &#8211; Base L\u00edquida 30ml, clique e continue <strong>pesquisando&#8230;<\/strong><\/a><\/p>\n<hr \/>\n","protected":false},"excerpt":{"rendered":"<p>R$ 133.90 nas lojas <a href=\"https:\/\/www.awin1.com\/pclick.php?p=40666756199&#038;a=690303&#038;m=62481\" target=\"_blank\" rel=\"sponsored\">Beleza na Web PRO BR<\/a><\/p>\n","protected":false},"author":1,"featured_media":0,"comment_status":"closed","ping_status":"closed","sticky":false,"template":"","format":"standard","meta":{"footnotes":""},"categories":[2],"tags":[2307,2949],"class_list":["post-88477","post","type-post","status-publish","format-standard","hentry","category-produtos","tag-133-90","tag-beleza-na-web-pro-br"],"_links":{"self":[{"href":"https:\/\/jr1.com.br\/shopping\/wp-json\/wp\/v2\/posts\/88477","targetHints":{"allow":["GET"]}}],"collection":[{"href":"https:\/\/jr1.com.br\/shopping\/wp-json\/wp\/v2\/posts"}],"about":[{"href":"https:\/\/jr1.com.br\/shopping\/wp-json\/wp\/v2\/types\/post"}],"author":[{"embeddable":true,"href":"https:\/\/jr1.com.br\/shopping\/wp-json\/wp\/v2\/users\/1"}],"replies":[{"embeddable":true,"href":"https:\/\/jr1.com.br\/shopping\/wp-json\/wp\/v2\/comments?post=88477"}],"version-history":[{"count":0,"href":"https:\/\/jr1.com.br\/shopping\/wp-json\/wp\/v2\/posts\/88477\/revisions"}],"wp:attachment":[{"href":"https:\/\/jr1.com.br\/shopping\/wp-json\/wp\/v2\/media?parent=88477"}],"wp:term":[{"taxonomy":"category","embeddable":true,"href":"https:\/\/jr1.com.br\/shopping\/wp-json\/wp\/v2\/categories?post=88477"},{"taxonomy":"post_tag","embeddable":true,"href":"https:\/\/jr1.com.br\/shopping\/wp-json\/wp\/v2\/tags?post=88477"}],"curies":[{"name":"wp","href":"https:\/\/api.w.org\/{rel}","templated":true}]}}