{"id":89507,"date":"2026-03-10T08:29:03","date_gmt":"2026-03-10T08:29:03","guid":{"rendered":"https:\/\/jr1.com.br\/shopping\/2026\/03\/10\/schwarzkopf-professional-osis-bounty-balm-creme-de-pentear-150ml\/"},"modified":"2026-03-10T08:29:03","modified_gmt":"2026-03-10T08:29:03","slug":"schwarzkopf-professional-osis-bounty-balm-creme-de-pentear-150ml","status":"publish","type":"post","link":"https:\/\/jr1.com.br\/shopping\/2026\/03\/10\/schwarzkopf-professional-osis-bounty-balm-creme-de-pentear-150ml\/","title":{"rendered":"Schwarzkopf Professional OSIS+ Bounty Balm &#8211; Creme de Pentear 150ml"},"content":{"rendered":"<h2>Sa\u00fade e beleza > Cuidados pessoais > Cuidados com os cabelos<\/h2>\n<h3>O pre\u00e7o de Schwarzkopf Professional OSIS+ Bounty Balm &#8211; Creme de Pentear 150ml no dia acima especificado era de <strong>R$ 180.90<\/strong>.<\/h3>\n<p>Confira o pre\u00e7o atual aqui: <a href=\"https:\/\/www.awin1.com\/pclick.php?p=40666757360&#038;a=690303&#038;m=62481\" rel=\"noopener sponsored\"><img decoding=\"async\" src=\"https:\/\/ui.awin.com\/images\/upload\/merchant\/profile\/62481.png\" alt=\"Schwarzkopf Professional OSIS+ Bounty Balm - Creme de Pentear 150ml\" \/> &#8211; nas lojas Beleza na Web PRO BR<\/a><\/p>\n<p><img decoding=\"async\" src=\"https:\/\/res.cloudinary.com\/beleza-na-web\/image\/upload\/w_1500\/f_auto\/fl_progressive\/q_auto:best\/v1\/imagens\/product\/20062036\/da47260c-e4e6-4d98-b59d-f6ceada3a3cf-20062036-schwarzkopf-pro-osis-bounty-balm-150ml.png\" alt=\"Schwarzkopf Professional OSIS+ Bounty Balm - Creme de Pentear 150ml\" \/><br \/>\nCreme de pentear para cabelos ondulados e cacheados. Schwarzkopf Professional OSIS+ Bounty Balm, f\u00f3rmula leve, projetada para combater o frizz. O Creme de Pentear Schwarzkopf Professional OSIS+ Bounty Balm combate a est\u00e1tica dos fios, mantendo a elasticidade natural e real\u00e7ando a curvatura. Ele forma uma barreira contra a umidade, ao mesmo tempo que garante facilidade de pentear e melhor maleabilidade. E ainda ajuda a dizer adeus aos n\u00f3s teimosos e ol\u00e1 a um brilho nutrido! Livre de silicones, ele fornece a quantidade certa de hidrata\u00e7\u00e3o sem deixar o cabelo pesado atrav\u00e9s de uma textura suave e sedosa que define cada mecha sem esfor\u00e7o. Quer seja aplicado em cabelo molhado ou seco, o Bounty Balm proporciona um acabamento brilhante e impec\u00e1vel. Eleve o n\u00edvel dos servi\u00e7os oferecidos no seu sal\u00e3o com o poderoso Schwarzkopf Professional OSIS+ Bounty Balm &#8211; Creme de Pentear e entregue resultados incr\u00edveis aos seus clientes, tornando-os ainda mais satisfeitos e confiantes com seus cabelos! A linha OSIS+, de Schwarzkopf Professional foi desenvolvida para entregar textura, fixa\u00e7\u00e3o, acabamento profissional e muito style. Encontre aqui mais produtos OSIS+.<\/p>\n<h4>Aproveite e pesquise o pre\u00e7o deste produto em dezenas de lojas dos marketplaces abaixo:<\/h4>\n<p><a href=\"https:\/\/www.magazinevoce.com.br\/magazineezu\/busca\/Schwarzkopf Professional OSIS+ Bounty Balm - Creme de Pentear 150ml\/\" target=\"_blank\" rel=\"noopener\"><img decoding=\"async\" src=\"https:\/\/mvc.mlcdn.com.br\/ad\/2503_superofertas.png\" alt=\"Pesquise no Magazine eZu\" \/> &#8211; da Parceria MAGALU<\/a>.<\/p>\n<p>Ainda n\u00e3o encontrou a melhor op\u00e7\u00e3o de compra? Oferecemos mais uma possibilidade de <strong>busca<\/strong> mais ampla para <a href=\"https:\/\/ecompare.com.br\/lojas\/resultados-da-pesquisa\/?q=Schwarzkopf Professional OSIS+ Bounty Balm - Creme de Pentear 150ml#gsc.tab=0&amp;gsc.q=Schwarzkopf Professional OSIS+ Bounty Balm - Creme de Pentear 150ml&amp;gsc.page=1\" target=\"_blank\" rel=\"noopener\">Schwarzkopf Professional OSIS+ Bounty Balm &#8211; Creme de Pentear 150ml, clique e continue <strong>pesquisando&#8230;<\/strong><\/a><\/p>\n<hr \/>\n","protected":false},"excerpt":{"rendered":"<p>R$ 180.90 nas lojas <a href=\"https:\/\/www.awin1.com\/pclick.php?p=40666757360&#038;a=690303&#038;m=62481\" target=\"_blank\" rel=\"sponsored\">Beleza na Web PRO BR<\/a><\/p>\n","protected":false},"author":1,"featured_media":0,"comment_status":"closed","ping_status":"closed","sticky":false,"template":"","format":"standard","meta":{"footnotes":""},"categories":[2],"tags":[2503,2949],"class_list":["post-89507","post","type-post","status-publish","format-standard","hentry","category-produtos","tag-180-90","tag-beleza-na-web-pro-br"],"_links":{"self":[{"href":"https:\/\/jr1.com.br\/shopping\/wp-json\/wp\/v2\/posts\/89507","targetHints":{"allow":["GET"]}}],"collection":[{"href":"https:\/\/jr1.com.br\/shopping\/wp-json\/wp\/v2\/posts"}],"about":[{"href":"https:\/\/jr1.com.br\/shopping\/wp-json\/wp\/v2\/types\/post"}],"author":[{"embeddable":true,"href":"https:\/\/jr1.com.br\/shopping\/wp-json\/wp\/v2\/users\/1"}],"replies":[{"embeddable":true,"href":"https:\/\/jr1.com.br\/shopping\/wp-json\/wp\/v2\/comments?post=89507"}],"version-history":[{"count":0,"href":"https:\/\/jr1.com.br\/shopping\/wp-json\/wp\/v2\/posts\/89507\/revisions"}],"wp:attachment":[{"href":"https:\/\/jr1.com.br\/shopping\/wp-json\/wp\/v2\/media?parent=89507"}],"wp:term":[{"taxonomy":"category","embeddable":true,"href":"https:\/\/jr1.com.br\/shopping\/wp-json\/wp\/v2\/categories?post=89507"},{"taxonomy":"post_tag","embeddable":true,"href":"https:\/\/jr1.com.br\/shopping\/wp-json\/wp\/v2\/tags?post=89507"}],"curies":[{"name":"wp","href":"https:\/\/api.w.org\/{rel}","templated":true}]}}