{"id":89593,"date":"2026-03-12T08:49:34","date_gmt":"2026-03-12T08:49:34","guid":{"rendered":"https:\/\/jr1.com.br\/shopping\/2026\/03\/12\/sallve-fps60-cor-60-protetor-solar-com-cor-40g\/"},"modified":"2026-03-12T08:49:34","modified_gmt":"2026-03-12T08:49:34","slug":"sallve-fps60-cor-60-protetor-solar-com-cor-40g","status":"publish","type":"post","link":"https:\/\/jr1.com.br\/shopping\/2026\/03\/12\/sallve-fps60-cor-60-protetor-solar-com-cor-40g\/","title":{"rendered":"Sallve FPS60 Cor 60 &#8211; Protetor Solar com Cor 40g"},"content":{"rendered":"<h2>Sa\u00fade e beleza > Cuidados pessoais > Cosm\u00e9ticos > Cuidados com a pele > Bloqueadores solares<\/h2>\n<h3>O pre\u00e7o de Sallve FPS60 Cor 60 &#8211; Protetor Solar com Cor 40g no dia acima especificado era de <strong>R$ 69.90<\/strong>.<\/h3>\n<p>Confira o pre\u00e7o atual aqui: <a href=\"https:\/\/www.awin1.com\/pclick.php?p=40666757443&#038;a=690303&#038;m=62481\" rel=\"noopener sponsored\"><img decoding=\"async\" src=\"https:\/\/ui.awin.com\/images\/upload\/merchant\/profile\/62481.png\" alt=\"Sallve FPS60 Cor 60 - Protetor Solar com Cor 40g\" \/> &#8211; nas lojas Beleza na Web PRO BR<\/a><\/p>\n<p><img decoding=\"async\" src=\"https:\/\/res.cloudinary.com\/beleza-na-web\/image\/upload\/w_1500\/f_auto\/fl_progressive\/q_auto:best\/v1\/imagens\/product\/20062556\/95e2f053-55dd-4399-86a4-7b4753cb80e7-sallve-fps60-cor-60-protetor-solar-com-cor-40g.png\" alt=\"Sallve FPS60 Cor 60 - Protetor Solar com Cor 40g\" \/><br \/>\nProtetor solar com cor. Sallve FPS60 oferece 10 op\u00e7\u00f5es de cores com cobertura leve, toque seco e alta prote\u00e7\u00e3o UVA\/UVB. O Protetor Solar com Cor Sallve FPS60 uniformiza o tom da pele, \u00e9 compat\u00edvel com maquiagem, n\u00e3o esfarela, n\u00e3o escorre e n\u00e3o arde os olhos. Al\u00e9m disso, seu acabamento matte natural se adapta a diferentes subtons de pele para um resultado impec\u00e1vel. Esse protetor solar com cor da Sallve oferece m\u00faltiplas defesas contra a radia\u00e7\u00e3o solar e danos provocados luz azul, infravermelho e polui\u00e7\u00e3o. Enriquecido com Carnosina, conta com a\u00e7\u00e3o antioxidante que auxilia na preserva\u00e7\u00e3o do Col\u00e1geno natural da pele. Enquanto isso, a Niacinamida colabora para o controle de oleosidade ao longo do dia, reduzindo o brilho sem causar ressecamento. Vegano, cruety free e sem cheiro. A Sallve \u00e9 uma marca orgulhosamente brasileira que conecta pessoas e suas necessidades cosm\u00e9ticas com solu\u00e7\u00f5es de cuidado eficazes para os diversos tipos de pele. Explore aqui e encontre mais produtos!<\/p>\n<h4>Aproveite e pesquise o pre\u00e7o deste produto em dezenas de lojas dos marketplaces abaixo:<\/h4>\n<p><a href=\"https:\/\/www.magazinevoce.com.br\/magazineezu\/busca\/Sallve FPS60 Cor 60 - Protetor Solar com Cor 40g\/\" target=\"_blank\" rel=\"noopener\"><img decoding=\"async\" src=\"https:\/\/mvc.mlcdn.com.br\/ad\/2503_superofertas.png\" alt=\"Pesquise no Magazine eZu\" \/> &#8211; da Parceria MAGALU<\/a>.<\/p>\n<p>Ainda n\u00e3o encontrou a melhor op\u00e7\u00e3o de compra? Oferecemos mais uma possibilidade de <strong>busca<\/strong> mais ampla para <a href=\"https:\/\/ecompare.com.br\/lojas\/resultados-da-pesquisa\/?q=Sallve FPS60 Cor 60 - Protetor Solar com Cor 40g#gsc.tab=0&amp;gsc.q=Sallve FPS60 Cor 60 - Protetor Solar com Cor 40g&amp;gsc.page=1\" target=\"_blank\" rel=\"noopener\">Sallve FPS60 Cor 60 &#8211; Protetor Solar com Cor 40g, clique e continue <strong>pesquisando&#8230;<\/strong><\/a><\/p>\n<hr \/>\n","protected":false},"excerpt":{"rendered":"<p>R$ 69.90 nas lojas <a href=\"https:\/\/www.awin1.com\/pclick.php?p=40666757443&#038;a=690303&#038;m=62481\" target=\"_blank\" rel=\"sponsored\">Beleza na Web PRO BR<\/a><\/p>\n","protected":false},"author":1,"featured_media":0,"comment_status":"closed","ping_status":"closed","sticky":false,"template":"","format":"standard","meta":{"footnotes":""},"categories":[2],"tags":[2367,2949],"class_list":["post-89593","post","type-post","status-publish","format-standard","hentry","category-produtos","tag-69-90","tag-beleza-na-web-pro-br"],"_links":{"self":[{"href":"https:\/\/jr1.com.br\/shopping\/wp-json\/wp\/v2\/posts\/89593","targetHints":{"allow":["GET"]}}],"collection":[{"href":"https:\/\/jr1.com.br\/shopping\/wp-json\/wp\/v2\/posts"}],"about":[{"href":"https:\/\/jr1.com.br\/shopping\/wp-json\/wp\/v2\/types\/post"}],"author":[{"embeddable":true,"href":"https:\/\/jr1.com.br\/shopping\/wp-json\/wp\/v2\/users\/1"}],"replies":[{"embeddable":true,"href":"https:\/\/jr1.com.br\/shopping\/wp-json\/wp\/v2\/comments?post=89593"}],"version-history":[{"count":0,"href":"https:\/\/jr1.com.br\/shopping\/wp-json\/wp\/v2\/posts\/89593\/revisions"}],"wp:attachment":[{"href":"https:\/\/jr1.com.br\/shopping\/wp-json\/wp\/v2\/media?parent=89593"}],"wp:term":[{"taxonomy":"category","embeddable":true,"href":"https:\/\/jr1.com.br\/shopping\/wp-json\/wp\/v2\/categories?post=89593"},{"taxonomy":"post_tag","embeddable":true,"href":"https:\/\/jr1.com.br\/shopping\/wp-json\/wp\/v2\/tags?post=89593"}],"curies":[{"name":"wp","href":"https:\/\/api.w.org\/{rel}","templated":true}]}}