{"id":92073,"date":"2026-03-01T11:41:24","date_gmt":"2026-03-01T11:41:24","guid":{"rendered":"https:\/\/jr1.com.br\/shopping\/2026\/03\/01\/proart-special-hair-lock-1-branco-pente-para-cabelos\/"},"modified":"2026-03-01T11:41:24","modified_gmt":"2026-03-01T11:41:24","slug":"proart-special-hair-lock-1-branco-pente-para-cabelos","status":"publish","type":"post","link":"https:\/\/jr1.com.br\/shopping\/2026\/03\/01\/proart-special-hair-lock-1-branco-pente-para-cabelos\/","title":{"rendered":"ProArt Special Hair Lock 1 Branco &#8211; Pente para Cabelos"},"content":{"rendered":"<h2>Sa\u00fade e beleza > Cuidados pessoais > Cuidados com os cabelos > Utens\u00edlios de penteado > Pentes e escovas<\/h2>\n<h3>O pre\u00e7o de ProArt Special Hair Lock 1 Branco &#8211; Pente para Cabelos no dia acima especificado era de <strong>R$ 17.90<\/strong>.<\/h3>\n<p>Confira o pre\u00e7o atual aqui: <a href=\"https:\/\/www.awin1.com\/pclick.php?p=41570912310&#038;a=690303&#038;m=62481\" rel=\"noopener sponsored\"><img decoding=\"async\" src=\"https:\/\/ui.awin.com\/images\/upload\/merchant\/profile\/62481.png\" alt=\"ProArt Special Hair Lock 1 Branco - Pente para Cabelos\" \/> &#8211; nas lojas Beleza na Web PRO BR<\/a><\/p>\n<p><img decoding=\"async\" src=\"https:\/\/res.cloudinary.com\/beleza-na-web\/image\/upload\/w_1500\/f_auto\/fl_progressive\/q_auto:best\/v1\/imagens\/product\/20073733\/5f4f7f88-71d2-4777-b066-28f52f061907-proart-special-hair-lock-1-branco-pente-para-cabelos.png\" alt=\"ProArt Special Hair Lock 1 Branco - Pente para Cabelos\" \/><br \/>\nPente com dentes para desembara\u00e7ar cabelos finos. ProArt Special Hair Lock 1 \u00e9 antiest\u00e1tico e resistente ao calor e qu\u00edmicos. O Pente para Cabelos ProArt Special Hair Lock 1 combina cer\u00e2mica, fibra de vidro e metal para oferecer precis\u00e3o, resist\u00eancia e alto desempenho. Seus dentes m\u00e9dios s\u00e3o ideais para desembara\u00e7ar cabelos delicados sem causar quebra, enquanto os dentes finos garantem a distribui\u00e7\u00e3o uniforme de produtos e facilitam a execu\u00e7\u00e3o de tran\u00e7as desde a raiz com extrema exatid\u00e3o. O cabo met\u00e1lico proporciona firmeza na manipula\u00e7\u00e3o e separa\u00e7\u00e3o precisa de mechas, sendo um aliado vers\u00e1til em procedimentos t\u00e9rmicos e qu\u00edmicos, gra\u00e7as \u00e0 sua resist\u00eancia ao calor e a\u00e7\u00e3o antiest\u00e1tica que reduz o frizz. ProArt est\u00e1 no mercado h\u00e1 mais de 15 anos desenvolvendo produtos profissionais de alto padr\u00e3o. O amplo portf\u00f3lio conta com escovas, pentes, tesouras, itens de cutelaria e acess\u00f3rios \u00fanicos para criar looks e real\u00e7ar a beleza dos fios. Encontre aqui outros produtos ProArt. *Produto vegano e cruelty free.<\/p>\n<h4>Aproveite e pesquise o pre\u00e7o deste produto em dezenas de lojas dos marketplaces abaixo:<\/h4>\n<p><a href=\"https:\/\/www.magazinevoce.com.br\/magazineezu\/busca\/ProArt Special Hair Lock 1 Branco - Pente para Cabelos\/\" target=\"_blank\" rel=\"noopener\"><img decoding=\"async\" src=\"https:\/\/mvc.mlcdn.com.br\/ad\/2503_superofertas.png\" alt=\"Pesquise no Magazine eZu\" \/> &#8211; da Parceria MAGALU<\/a>.<\/p>\n<p>Ainda n\u00e3o encontrou a melhor op\u00e7\u00e3o de compra? Oferecemos mais uma possibilidade de <strong>busca<\/strong> mais ampla para <a href=\"https:\/\/ecompare.com.br\/lojas\/resultados-da-pesquisa\/?q=ProArt Special Hair Lock 1 Branco - Pente para Cabelos#gsc.tab=0&amp;gsc.q=ProArt Special Hair Lock 1 Branco - Pente para Cabelos&amp;gsc.page=1\" target=\"_blank\" rel=\"noopener\">ProArt Special Hair Lock 1 Branco &#8211; Pente para Cabelos, clique e continue <strong>pesquisando&#8230;<\/strong><\/a><\/p>\n<hr \/>\n","protected":false},"excerpt":{"rendered":"<p>R$ 17.90 nas lojas <a href=\"https:\/\/www.awin1.com\/pclick.php?p=41570912310&#038;a=690303&#038;m=62481\" target=\"_blank\" rel=\"sponsored\">Beleza na Web PRO BR<\/a><\/p>\n","protected":false},"author":1,"featured_media":0,"comment_status":"closed","ping_status":"closed","sticky":false,"template":"","format":"standard","meta":{"footnotes":""},"categories":[2],"tags":[3146,2949],"class_list":["post-92073","post","type-post","status-publish","format-standard","hentry","category-produtos","tag-17-90","tag-beleza-na-web-pro-br"],"_links":{"self":[{"href":"https:\/\/jr1.com.br\/shopping\/wp-json\/wp\/v2\/posts\/92073","targetHints":{"allow":["GET"]}}],"collection":[{"href":"https:\/\/jr1.com.br\/shopping\/wp-json\/wp\/v2\/posts"}],"about":[{"href":"https:\/\/jr1.com.br\/shopping\/wp-json\/wp\/v2\/types\/post"}],"author":[{"embeddable":true,"href":"https:\/\/jr1.com.br\/shopping\/wp-json\/wp\/v2\/users\/1"}],"replies":[{"embeddable":true,"href":"https:\/\/jr1.com.br\/shopping\/wp-json\/wp\/v2\/comments?post=92073"}],"version-history":[{"count":0,"href":"https:\/\/jr1.com.br\/shopping\/wp-json\/wp\/v2\/posts\/92073\/revisions"}],"wp:attachment":[{"href":"https:\/\/jr1.com.br\/shopping\/wp-json\/wp\/v2\/media?parent=92073"}],"wp:term":[{"taxonomy":"category","embeddable":true,"href":"https:\/\/jr1.com.br\/shopping\/wp-json\/wp\/v2\/categories?post=92073"},{"taxonomy":"post_tag","embeddable":true,"href":"https:\/\/jr1.com.br\/shopping\/wp-json\/wp\/v2\/tags?post=92073"}],"curies":[{"name":"wp","href":"https:\/\/api.w.org\/{rel}","templated":true}]}}