{"id":92248,"date":"2026-03-23T05:55:35","date_gmt":"2026-03-23T05:55:35","guid":{"rendered":"https:\/\/jr1.com.br\/shopping\/2026\/03\/23\/oceane-edition-compact-powder-toffee-po-compacto-85g\/"},"modified":"2026-03-23T05:55:35","modified_gmt":"2026-03-23T05:55:35","slug":"oceane-edition-compact-powder-toffee-po-compacto-85g","status":"publish","type":"post","link":"https:\/\/jr1.com.br\/shopping\/2026\/03\/23\/oceane-edition-compact-powder-toffee-po-compacto-85g\/","title":{"rendered":"Oc\u00e9ane Edition Compact Powder Toffee &#8211; P\u00f3 Compacto 8,5g"},"content":{"rendered":"<h2>Sa\u00fade e beleza > Cuidados pessoais > Cosm\u00e9ticos > Maquiagem > Maquiagem para o rosto > P\u00f3 facial<\/h2>\n<h3>O pre\u00e7o de Oc\u00e9ane Edition Compact Powder Toffee &#8211; P\u00f3 Compacto 8,5g no dia acima especificado era de <strong>R$ 79.90<\/strong>.<\/h3>\n<p>Confira o pre\u00e7o atual aqui: <a href=\"https:\/\/www.awin1.com\/pclick.php?p=41862023461&#038;a=690303&#038;m=62481\" rel=\"noopener sponsored\"><img decoding=\"async\" src=\"https:\/\/ui.awin.com\/images\/upload\/merchant\/profile\/62481.png\" alt=\"Oc\u00e9ane Edition Compact Powder Toffee - P\u00f3 Compacto 8,5g\" \/> &#8211; nas lojas Beleza na Web PRO BR<\/a><\/p>\n<p><img decoding=\"async\" src=\"https:\/\/res.cloudinary.com\/beleza-na-web\/image\/upload\/w_1500\/f_auto\/fl_progressive\/q_auto:best\/v1\/imagens\/product\/20075805\/16c113c6-978d-4f22-8fb8-2461e558d78c-20075805-oceane-compact-powder-toffee-85g.png\" alt=\"Oc\u00e9ane Edition Compact Powder Toffee - P\u00f3 Compacto 8,5g\" \/><br \/>\nP\u00f3 compacto com cobertura leve e acabamento matte. Oc\u00e9ane Edition Compact Powder confere uma sensa\u00e7\u00e3o aveludada, com apar\u00eancia natural. O P\u00f3 Compacto Oc\u00e9ane Edition Compact Powder promove finaliza\u00e7\u00e3o precisa com acabamento matte uniforme e f\u00f3rmula transl\u00facida que se adapta a diferentes tons de pele. Ideal para selar bases e produtos cremosos, permite constru\u00e7\u00e3o de camadas sem ac\u00famulo ou marca\u00e7\u00f5es. Enriquecido com vitamina E, oferece a\u00e7\u00e3o antioxidante enquanto controla o brilho, garantindo longa dura\u00e7\u00e3o e apar\u00eancia polida com textura suave e confort\u00e1vel. A marca Oc\u00e9ane , fundada em 2007, \u00e9 dedicada aos setores de beleza, cosm\u00e9ticos e cuidados pessoais, com o objetivo de oferecer uma abordagem de beleza espont\u00e2nea e acess\u00edvel ao seu p\u00fablico-alvo. Sua variedade de produtos abrange desde cuidados com a pele, produzidos na Cor\u00e9ia do Sul, at\u00e9 acess\u00f3rios para momentos de bem-estar e autocuidado, al\u00e9m de op\u00e7\u00f5es em maquiagem e cuidados capilares, proporcionando cada vez mais uma rotina descomplicada de cuidados. Outro destaque da marca s\u00e3o as collabs by Oc\u00e9ane, que consistem em parcerias especiais com personalidades influentes como os produtos de maquiagem e skincare assinados por nomes como Mariana Saad, Larissa Manoela, Consuelo Blocker, N\u00e1dia Tambasco, Mar\u00edlia Mendon\u00e7a e Sabrina Sato, que refor\u00e7am o compromisso em oferecer qualidade e inova\u00e7\u00e3o. Encontre aqui os outros produtos da marca Oc\u00e9ane . *Produto vegano.<\/p>\n<h4>Aproveite e pesquise o pre\u00e7o deste produto em dezenas de lojas dos marketplaces abaixo:<\/h4>\n<p><a href=\"https:\/\/www.magazinevoce.com.br\/magazineezu\/busca\/Oc\u00e9ane Edition Compact Powder Toffee - P\u00f3 Compacto 8,5g\/\" target=\"_blank\" rel=\"noopener\"><img decoding=\"async\" src=\"https:\/\/mvc.mlcdn.com.br\/ad\/2503_superofertas.png\" alt=\"Pesquise no Magazine eZu\" \/> &#8211; da Parceria MAGALU<\/a>.<\/p>\n<p>Ainda n\u00e3o encontrou a melhor op\u00e7\u00e3o de compra? Oferecemos mais uma possibilidade de <strong>busca<\/strong> mais ampla para <a href=\"https:\/\/ecompare.com.br\/lojas\/resultados-da-pesquisa\/?q=Oc\u00e9ane Edition Compact Powder Toffee - P\u00f3 Compacto 8,5g#gsc.tab=0&amp;gsc.q=Oc\u00e9ane Edition Compact Powder Toffee - P\u00f3 Compacto 8,5g&amp;gsc.page=1\" target=\"_blank\" rel=\"noopener\">Oc\u00e9ane Edition Compact Powder Toffee &#8211; P\u00f3 Compacto 8,5g, clique e continue <strong>pesquisando&#8230;<\/strong><\/a><\/p>\n<hr \/>\n","protected":false},"excerpt":{"rendered":"<p>R$ 79.90 nas lojas <a href=\"https:\/\/www.awin1.com\/pclick.php?p=41862023461&#038;a=690303&#038;m=62481\" target=\"_blank\" rel=\"sponsored\">Beleza na Web PRO BR<\/a><\/p>\n","protected":false},"author":1,"featured_media":0,"comment_status":"closed","ping_status":"closed","sticky":false,"template":"","format":"standard","meta":{"footnotes":""},"categories":[2],"tags":[1946,2949],"class_list":["post-92248","post","type-post","status-publish","format-standard","hentry","category-produtos","tag-79-90","tag-beleza-na-web-pro-br"],"_links":{"self":[{"href":"https:\/\/jr1.com.br\/shopping\/wp-json\/wp\/v2\/posts\/92248","targetHints":{"allow":["GET"]}}],"collection":[{"href":"https:\/\/jr1.com.br\/shopping\/wp-json\/wp\/v2\/posts"}],"about":[{"href":"https:\/\/jr1.com.br\/shopping\/wp-json\/wp\/v2\/types\/post"}],"author":[{"embeddable":true,"href":"https:\/\/jr1.com.br\/shopping\/wp-json\/wp\/v2\/users\/1"}],"replies":[{"embeddable":true,"href":"https:\/\/jr1.com.br\/shopping\/wp-json\/wp\/v2\/comments?post=92248"}],"version-history":[{"count":0,"href":"https:\/\/jr1.com.br\/shopping\/wp-json\/wp\/v2\/posts\/92248\/revisions"}],"wp:attachment":[{"href":"https:\/\/jr1.com.br\/shopping\/wp-json\/wp\/v2\/media?parent=92248"}],"wp:term":[{"taxonomy":"category","embeddable":true,"href":"https:\/\/jr1.com.br\/shopping\/wp-json\/wp\/v2\/categories?post=92248"},{"taxonomy":"post_tag","embeddable":true,"href":"https:\/\/jr1.com.br\/shopping\/wp-json\/wp\/v2\/tags?post=92248"}],"curies":[{"name":"wp","href":"https:\/\/api.w.org\/{rel}","templated":true}]}}