{"id":92937,"date":"2026-03-06T10:32:34","date_gmt":"2026-03-06T10:32:34","guid":{"rendered":"https:\/\/jr1.com.br\/shopping\/2026\/03\/06\/clarins-double-serum-anti-idade-30ml\/"},"modified":"2026-03-06T10:32:34","modified_gmt":"2026-03-06T10:32:34","slug":"clarins-double-serum-anti-idade-30ml","status":"publish","type":"post","link":"https:\/\/jr1.com.br\/shopping\/2026\/03\/06\/clarins-double-serum-anti-idade-30ml\/","title":{"rendered":"Clarins Double &#8211; S\u00e9rum Anti-Idade 30ml"},"content":{"rendered":"<h2>Sa\u00fade e beleza > Cuidados pessoais > Cosm\u00e9ticos > Cuidados com a pele > Kits anti-idade de cuidados com a pele<\/h2>\n<h3>O pre\u00e7o de Clarins Double &#8211; S\u00e9rum Anti-Idade 30ml no dia acima especificado era de <strong>R$ 429.90<\/strong>.<\/h3>\n<p>Confira o pre\u00e7o atual aqui: <a href=\"https:\/\/www.awin1.com\/pclick.php?p=40666760541&#038;a=690303&#038;m=62481\" rel=\"noopener sponsored\"><img decoding=\"async\" src=\"https:\/\/ui.awin.com\/images\/upload\/merchant\/profile\/62481.png\" alt=\"Clarins Double - S\u00e9rum Anti-Idade 30ml\" \/> &#8211; nas lojas Beleza na Web PRO BR<\/a><\/p>\n<p><img decoding=\"async\" src=\"https:\/\/res.cloudinary.com\/beleza-na-web\/image\/upload\/w_1500\/f_auto\/fl_progressive\/q_auto:best\/v1\/imagens\/5\/clarins-double-serum-anti-idade-30ml-22842-8674336145510806062.png\" alt=\"Clarins Double - S\u00e9rum Anti-Idade 30ml\" \/><br \/>\nS\u00e9rum anti-idade para todos os tipos de pele . O Clarins Double Serum \u00e9 um poderoso aliado no combate \u00e0s rugas e \u00e0s linhas de express\u00e3o. Ajuda a devolver a firmeza e a elasticidade da pele com luminosidade, al\u00e9m de melhorar a apar\u00eancia dos poros. Ele age estimulando as 5 fun\u00e7\u00f5es vitais respons\u00e1veis por uma pele mais jovem: hidrata\u00e7\u00e3o, nutri\u00e7\u00e3o, oxigena\u00e7\u00e3o, prote\u00e7\u00e3o e regenera\u00e7\u00e3o. Um produto com o poder de dois. Possui extrato de 20 plantas diferentes em sua composi\u00e7\u00e3o, sendo que uma \u00fanica f\u00f3rmula n\u00e3o conseguiria reunir seus ativos de base aquosa e oleosa de maneira compat\u00edvel e est\u00e1vel. Por isso \u00e9 que o Double Serum , de Clarins , se apresenta como um s\u00e9rum duplo, tendo sua por\u00e7\u00e3o h\u00eddrica e sua por\u00e7\u00e3o lip\u00eddica. A embalagem de alta tecnologia une as duas f\u00f3rmulas na dosagem certa, no momento da aplica\u00e7\u00e3o. Por ser um s\u00e9rum, ele atua potencializando a a\u00e7\u00e3o do seu produto habitual seguinte, seja um hidratante ou um creme anti-dade. Sua fragr\u00e2ncia floral frutal \u00e9 delicada, suave e deliciosa. Deixa sua pele saud\u00e1vel e com uma apar\u00eancia mais jovem.<\/p>\n<h4>Aproveite e pesquise o pre\u00e7o deste produto em dezenas de lojas dos marketplaces abaixo:<\/h4>\n<p><a href=\"https:\/\/www.magazinevoce.com.br\/magazineezu\/busca\/Clarins Double - S\u00e9rum Anti-Idade 30ml\/\" target=\"_blank\" rel=\"noopener\"><img decoding=\"async\" src=\"https:\/\/mvc.mlcdn.com.br\/ad\/2503_superofertas.png\" alt=\"Pesquise no Magazine eZu\" \/> &#8211; da Parceria MAGALU<\/a>.<\/p>\n<p>Ainda n\u00e3o encontrou a melhor op\u00e7\u00e3o de compra? Oferecemos mais uma possibilidade de <strong>busca<\/strong> mais ampla para <a href=\"https:\/\/ecompare.com.br\/lojas\/resultados-da-pesquisa\/?q=Clarins Double - S\u00e9rum Anti-Idade 30ml#gsc.tab=0&amp;gsc.q=Clarins Double - S\u00e9rum Anti-Idade 30ml&amp;gsc.page=1\" target=\"_blank\" rel=\"noopener\">Clarins Double &#8211; S\u00e9rum Anti-Idade 30ml, clique e continue <strong>pesquisando&#8230;<\/strong><\/a><\/p>\n<hr \/>\n","protected":false},"excerpt":{"rendered":"<p>R$ 429.90 nas lojas <a href=\"https:\/\/www.awin1.com\/pclick.php?p=40666760541&#038;a=690303&#038;m=62481\" target=\"_blank\" rel=\"sponsored\">Beleza na Web PRO BR<\/a><\/p>\n","protected":false},"author":1,"featured_media":0,"comment_status":"closed","ping_status":"closed","sticky":false,"template":"","format":"standard","meta":{"footnotes":""},"categories":[2],"tags":[753,2949],"class_list":["post-92937","post","type-post","status-publish","format-standard","hentry","category-produtos","tag-429-90","tag-beleza-na-web-pro-br"],"_links":{"self":[{"href":"https:\/\/jr1.com.br\/shopping\/wp-json\/wp\/v2\/posts\/92937","targetHints":{"allow":["GET"]}}],"collection":[{"href":"https:\/\/jr1.com.br\/shopping\/wp-json\/wp\/v2\/posts"}],"about":[{"href":"https:\/\/jr1.com.br\/shopping\/wp-json\/wp\/v2\/types\/post"}],"author":[{"embeddable":true,"href":"https:\/\/jr1.com.br\/shopping\/wp-json\/wp\/v2\/users\/1"}],"replies":[{"embeddable":true,"href":"https:\/\/jr1.com.br\/shopping\/wp-json\/wp\/v2\/comments?post=92937"}],"version-history":[{"count":0,"href":"https:\/\/jr1.com.br\/shopping\/wp-json\/wp\/v2\/posts\/92937\/revisions"}],"wp:attachment":[{"href":"https:\/\/jr1.com.br\/shopping\/wp-json\/wp\/v2\/media?parent=92937"}],"wp:term":[{"taxonomy":"category","embeddable":true,"href":"https:\/\/jr1.com.br\/shopping\/wp-json\/wp\/v2\/categories?post=92937"},{"taxonomy":"post_tag","embeddable":true,"href":"https:\/\/jr1.com.br\/shopping\/wp-json\/wp\/v2\/tags?post=92937"}],"curies":[{"name":"wp","href":"https:\/\/api.w.org\/{rel}","templated":true}]}}