{"id":94754,"date":"2026-03-23T18:20:52","date_gmt":"2026-03-23T18:20:52","guid":{"rendered":"https:\/\/jr1.com.br\/shopping\/2026\/03\/23\/maybelline-fit-me-000-essencial-po-compacto-translucido\/"},"modified":"2026-03-23T18:20:52","modified_gmt":"2026-03-23T18:20:52","slug":"maybelline-fit-me-000-essencial-po-compacto-translucido","status":"publish","type":"post","link":"https:\/\/jr1.com.br\/shopping\/2026\/03\/23\/maybelline-fit-me-000-essencial-po-compacto-translucido\/","title":{"rendered":"Maybelline Fit Me! 000 Essencial &#8211; P\u00f3 Compacto Transl\u00facido"},"content":{"rendered":"<h2>Sa\u00fade e beleza > Cuidados pessoais > Cosm\u00e9ticos > Maquiagem > Maquiagem para o rosto > P\u00f3 facial<\/h2>\n<h3>O pre\u00e7o de Maybelline Fit Me! 000 Essencial &#8211; P\u00f3 Compacto Transl\u00facido no dia acima especificado era de <strong>R$ 49.90<\/strong>.<\/h3>\n<p>Confira o pre\u00e7o atual aqui: <a href=\"https:\/\/www.awin1.com\/pclick.php?p=40666762912&#038;a=690303&#038;m=62481\" rel=\"noopener sponsored\"><img decoding=\"async\" src=\"https:\/\/ui.awin.com\/images\/upload\/merchant\/profile\/62481.png\" alt=\"Maybelline Fit Me! 000 Essencial - P\u00f3 Compacto Transl\u00facido\" \/> &#8211; nas lojas Beleza na Web PRO BR<\/a><\/p>\n<p><img decoding=\"async\" src=\"https:\/\/res.cloudinary.com\/beleza-na-web\/image\/upload\/w_1500\/f_auto\/fl_progressive\/q_auto:best\/v1\/imagens\/5\/maybelline-fit-me-cor-000-translucido-essencial-po-compacto-natural-34744-610982748902082299.png\" alt=\"Maybelline Fit Me! 000 Essencial - P\u00f3 Compacto Transl\u00facido\" \/><br \/>\nP\u00f3 compacto Maybelline de longa dura\u00e7\u00e3o para todos os tipos de pele. Controla a oleosidade e confere acabamento matte. O P\u00f3 Compacto Fit Me! proporciona efeito natural e sua f\u00f3rmula garante uma maquiagem intacta por at\u00e9 12 horas. Livre de \u00f3leos e com textura leve, Maybelline Fit Me P\u00f3 Compacto n\u00e3o obstrui os poros e ainda evita o brilho excessivo. Dispon\u00edvel em diversas tonalidades, garante resultado natural e perfeito. Use o P\u00f3 Compacto Fit Me! em conjunto com a Base Maybelline Fit Me! para um resultado ainda mais extraordin\u00e1rio. Com uma pele impec\u00e1vel e matificada por muito mais tempo, voc\u00ea estar\u00e1 pronta para qualquer ocasi\u00e3o!<\/p>\n<h4>Aproveite e pesquise o pre\u00e7o deste produto em dezenas de lojas dos marketplaces abaixo:<\/h4>\n<p><a href=\"https:\/\/www.magazinevoce.com.br\/magazineezu\/busca\/Maybelline Fit Me! 000 Essencial - P\u00f3 Compacto Transl\u00facido\/\" target=\"_blank\" rel=\"noopener\"><img decoding=\"async\" src=\"https:\/\/mvc.mlcdn.com.br\/ad\/2503_superofertas.png\" alt=\"Pesquise no Magazine eZu\" \/> &#8211; da Parceria MAGALU<\/a>.<\/p>\n<p>Ainda n\u00e3o encontrou a melhor op\u00e7\u00e3o de compra? Oferecemos mais uma possibilidade de <strong>busca<\/strong> mais ampla para <a href=\"https:\/\/ecompare.com.br\/lojas\/resultados-da-pesquisa\/?q=Maybelline Fit Me! 000 Essencial - P\u00f3 Compacto Transl\u00facido#gsc.tab=0&amp;gsc.q=Maybelline Fit Me! 000 Essencial - P\u00f3 Compacto Transl\u00facido&amp;gsc.page=1\" target=\"_blank\" rel=\"noopener\">Maybelline Fit Me! 000 Essencial &#8211; P\u00f3 Compacto Transl\u00facido, clique e continue <strong>pesquisando&#8230;<\/strong><\/a><\/p>\n<hr \/>\n","protected":false},"excerpt":{"rendered":"<p>R$ 49.90 nas lojas <a href=\"https:\/\/www.awin1.com\/pclick.php?p=40666762912&#038;a=690303&#038;m=62481\" target=\"_blank\" rel=\"sponsored\">Beleza na Web PRO BR<\/a><\/p>\n","protected":false},"author":1,"featured_media":0,"comment_status":"closed","ping_status":"closed","sticky":false,"template":"","format":"standard","meta":{"footnotes":""},"categories":[2],"tags":[1865,2949],"class_list":["post-94754","post","type-post","status-publish","format-standard","hentry","category-produtos","tag-49-90","tag-beleza-na-web-pro-br"],"_links":{"self":[{"href":"https:\/\/jr1.com.br\/shopping\/wp-json\/wp\/v2\/posts\/94754","targetHints":{"allow":["GET"]}}],"collection":[{"href":"https:\/\/jr1.com.br\/shopping\/wp-json\/wp\/v2\/posts"}],"about":[{"href":"https:\/\/jr1.com.br\/shopping\/wp-json\/wp\/v2\/types\/post"}],"author":[{"embeddable":true,"href":"https:\/\/jr1.com.br\/shopping\/wp-json\/wp\/v2\/users\/1"}],"replies":[{"embeddable":true,"href":"https:\/\/jr1.com.br\/shopping\/wp-json\/wp\/v2\/comments?post=94754"}],"version-history":[{"count":0,"href":"https:\/\/jr1.com.br\/shopping\/wp-json\/wp\/v2\/posts\/94754\/revisions"}],"wp:attachment":[{"href":"https:\/\/jr1.com.br\/shopping\/wp-json\/wp\/v2\/media?parent=94754"}],"wp:term":[{"taxonomy":"category","embeddable":true,"href":"https:\/\/jr1.com.br\/shopping\/wp-json\/wp\/v2\/categories?post=94754"},{"taxonomy":"post_tag","embeddable":true,"href":"https:\/\/jr1.com.br\/shopping\/wp-json\/wp\/v2\/tags?post=94754"}],"curies":[{"name":"wp","href":"https:\/\/api.w.org\/{rel}","templated":true}]}}