{"id":95302,"date":"2026-03-11T00:46:15","date_gmt":"2026-03-11T00:46:15","guid":{"rendered":"https:\/\/jr1.com.br\/shopping\/2026\/03\/11\/vertix-carbon-pro-33-escova-termica\/"},"modified":"2026-03-11T00:46:15","modified_gmt":"2026-03-11T00:46:15","slug":"vertix-carbon-pro-33-escova-termica","status":"publish","type":"post","link":"https:\/\/jr1.com.br\/shopping\/2026\/03\/11\/vertix-carbon-pro-33-escova-termica\/","title":{"rendered":"Vertix Carbon Pro 33 &#8211; Escova T\u00e9rmica"},"content":{"rendered":"<h2>Sa\u00fade e beleza > Cuidados pessoais > Cuidados com os cabelos > Utens\u00edlios de penteado > Pentes e escovas<\/h2>\n<h3>O pre\u00e7o de Vertix Carbon Pro 33 &#8211; Escova T\u00e9rmica no dia acima especificado era de <strong>R$ 45.90<\/strong>.<\/h3>\n<p>Confira o pre\u00e7o atual aqui: <a href=\"https:\/\/www.awin1.com\/pclick.php?p=41953653683&#038;a=690303&#038;m=62481\" rel=\"noopener sponsored\"><img decoding=\"async\" src=\"https:\/\/ui.awin.com\/images\/upload\/merchant\/profile\/62481.png\" alt=\"Vertix Carbon Pro 33 - Escova T\u00e9rmica\" \/> &#8211; nas lojas Beleza na Web PRO BR<\/a><\/p>\n<p><img decoding=\"async\" src=\"https:\/\/res.cloudinary.com\/beleza-na-web\/image\/upload\/w_1500\/f_auto\/fl_progressive\/q_auto:best\/v1\/imagens\/5\/vertix-carbon-pro-33-escova-termica-38252-2071949975752952883.png\" alt=\"Vertix Carbon Pro 33 - Escova T\u00e9rmica\" \/><br \/>\nEscova t\u00e9rmica para cabelos curtos a m\u00e9dios. Ideal para alisamentos t\u00e9rmicos, Vertix Carbon Pro 33 resiste a altas temperaturas. O corpo em carbono e com cerdas em nylon de Vertix Carbon Pro 33 garante a modelagem mais r\u00e1pida dos fios por conservar o calor do ar quente e facilitar sua circula\u00e7\u00e3o pelo seu corpo vazado.<\/p>\n<h4>Aproveite e pesquise o pre\u00e7o deste produto em dezenas de lojas dos marketplaces abaixo:<\/h4>\n<p><a href=\"https:\/\/www.magazinevoce.com.br\/magazineezu\/busca\/Vertix Carbon Pro 33 - Escova T\u00e9rmica\/\" target=\"_blank\" rel=\"noopener\"><img decoding=\"async\" src=\"https:\/\/mvc.mlcdn.com.br\/ad\/2503_superofertas.png\" alt=\"Pesquise no Magazine eZu\" \/> &#8211; da Parceria MAGALU<\/a>.<\/p>\n<p>Ainda n\u00e3o encontrou a melhor op\u00e7\u00e3o de compra? Oferecemos mais uma possibilidade de <strong>busca<\/strong> mais ampla para <a href=\"https:\/\/ecompare.com.br\/lojas\/resultados-da-pesquisa\/?q=Vertix Carbon Pro 33 - Escova T\u00e9rmica#gsc.tab=0&amp;gsc.q=Vertix Carbon Pro 33 - Escova T\u00e9rmica&amp;gsc.page=1\" target=\"_blank\" rel=\"noopener\">Vertix Carbon Pro 33 &#8211; Escova T\u00e9rmica, clique e continue <strong>pesquisando&#8230;<\/strong><\/a><\/p>\n<hr \/>\n","protected":false},"excerpt":{"rendered":"<p>R$ 45.90 nas lojas <a href=\"https:\/\/www.awin1.com\/pclick.php?p=41953653683&#038;a=690303&#038;m=62481\" target=\"_blank\" rel=\"sponsored\">Beleza na Web PRO BR<\/a><\/p>\n","protected":false},"author":1,"featured_media":0,"comment_status":"closed","ping_status":"closed","sticky":false,"template":"","format":"standard","meta":{"footnotes":""},"categories":[2],"tags":[2170,2949],"class_list":["post-95302","post","type-post","status-publish","format-standard","hentry","category-produtos","tag-45-90","tag-beleza-na-web-pro-br"],"_links":{"self":[{"href":"https:\/\/jr1.com.br\/shopping\/wp-json\/wp\/v2\/posts\/95302","targetHints":{"allow":["GET"]}}],"collection":[{"href":"https:\/\/jr1.com.br\/shopping\/wp-json\/wp\/v2\/posts"}],"about":[{"href":"https:\/\/jr1.com.br\/shopping\/wp-json\/wp\/v2\/types\/post"}],"author":[{"embeddable":true,"href":"https:\/\/jr1.com.br\/shopping\/wp-json\/wp\/v2\/users\/1"}],"replies":[{"embeddable":true,"href":"https:\/\/jr1.com.br\/shopping\/wp-json\/wp\/v2\/comments?post=95302"}],"version-history":[{"count":0,"href":"https:\/\/jr1.com.br\/shopping\/wp-json\/wp\/v2\/posts\/95302\/revisions"}],"wp:attachment":[{"href":"https:\/\/jr1.com.br\/shopping\/wp-json\/wp\/v2\/media?parent=95302"}],"wp:term":[{"taxonomy":"category","embeddable":true,"href":"https:\/\/jr1.com.br\/shopping\/wp-json\/wp\/v2\/categories?post=95302"},{"taxonomy":"post_tag","embeddable":true,"href":"https:\/\/jr1.com.br\/shopping\/wp-json\/wp\/v2\/tags?post=95302"}],"curies":[{"name":"wp","href":"https:\/\/api.w.org\/{rel}","templated":true}]}}