{"id":95535,"date":"2026-03-04T05:51:33","date_gmt":"2026-03-04T05:51:33","guid":{"rendered":"https:\/\/jr1.com.br\/shopping\/2026\/03\/04\/vertix-pro-liss-aluminium-33-escova-termica\/"},"modified":"2026-03-04T05:51:33","modified_gmt":"2026-03-04T05:51:33","slug":"vertix-pro-liss-aluminium-33-escova-termica","status":"publish","type":"post","link":"https:\/\/jr1.com.br\/shopping\/2026\/03\/04\/vertix-pro-liss-aluminium-33-escova-termica\/","title":{"rendered":"Vertix Pro Liss Aluminium 33 &#8211; Escova T\u00e9rmica"},"content":{"rendered":"<h2>Sa\u00fade e beleza > Cuidados pessoais > Cuidados com os cabelos > Utens\u00edlios de penteado > Pentes e escovas<\/h2>\n<h3>O pre\u00e7o de Vertix Pro Liss Aluminium 33 &#8211; Escova T\u00e9rmica no dia acima especificado era de <strong>R$ 79.90<\/strong>.<\/h3>\n<p>Confira o pre\u00e7o atual aqui: <a href=\"https:\/\/www.awin1.com\/pclick.php?p=40666763992&#038;a=690303&#038;m=62481\" rel=\"noopener sponsored\"><img decoding=\"async\" src=\"https:\/\/ui.awin.com\/images\/upload\/merchant\/profile\/62481.png\" alt=\"Vertix Pro Liss Aluminium 33 - Escova T\u00e9rmica\" \/> &#8211; nas lojas Beleza na Web PRO BR<\/a><\/p>\n<p><img decoding=\"async\" src=\"https:\/\/res.cloudinary.com\/beleza-na-web\/image\/upload\/w_1500\/f_auto\/fl_progressive\/q_auto:best\/v1\/imagens\/5\/vertix-pro-liss-aluminium-33-escova-modeladora-39649-5102669755754002373.png\" alt=\"Vertix Pro Liss Aluminium 33 - Escova T\u00e9rmica\" \/><br \/>\nEscova modeladora para cabelo m\u00e9dio a longo. Vertix Pro Liss Aluminium 33 acelera a modelagem com uma escova\u00e7\u00e3o r\u00e1pida e confort\u00e1vel. As cerdas mistas de Vertix Pro Liss Aluminium 25 possui associadas \u00e0 base em alum\u00ednio agilizam a modelagem por segurar os fios sem puxar e conservar o calor do ar quente por mais tempo. O cabo em madeira com detalhe com borracha de Vertix Pro Liss Aluminium 33 d\u00e1 mais ergonomia \u00e0s m\u00e3os durante o uso e proporciona uma pegada mais confort\u00e1vel durante a escova\u00e7\u00e3o dos fios.<\/p>\n<h4>Aproveite e pesquise o pre\u00e7o deste produto em dezenas de lojas dos marketplaces abaixo:<\/h4>\n<p><a href=\"https:\/\/www.magazinevoce.com.br\/magazineezu\/busca\/Vertix Pro Liss Aluminium 33 - Escova T\u00e9rmica\/\" target=\"_blank\" rel=\"noopener\"><img decoding=\"async\" src=\"https:\/\/mvc.mlcdn.com.br\/ad\/2503_superofertas.png\" alt=\"Pesquise no Magazine eZu\" \/> &#8211; da Parceria MAGALU<\/a>.<\/p>\n<p>Ainda n\u00e3o encontrou a melhor op\u00e7\u00e3o de compra? Oferecemos mais uma possibilidade de <strong>busca<\/strong> mais ampla para <a href=\"https:\/\/ecompare.com.br\/lojas\/resultados-da-pesquisa\/?q=Vertix Pro Liss Aluminium 33 - Escova T\u00e9rmica#gsc.tab=0&amp;gsc.q=Vertix Pro Liss Aluminium 33 - Escova T\u00e9rmica&amp;gsc.page=1\" target=\"_blank\" rel=\"noopener\">Vertix Pro Liss Aluminium 33 &#8211; Escova T\u00e9rmica, clique e continue <strong>pesquisando&#8230;<\/strong><\/a><\/p>\n<hr \/>\n","protected":false},"excerpt":{"rendered":"<p>R$ 79.90 nas lojas <a href=\"https:\/\/www.awin1.com\/pclick.php?p=40666763992&#038;a=690303&#038;m=62481\" target=\"_blank\" rel=\"sponsored\">Beleza na Web PRO BR<\/a><\/p>\n","protected":false},"author":1,"featured_media":0,"comment_status":"closed","ping_status":"closed","sticky":false,"template":"","format":"standard","meta":{"footnotes":""},"categories":[2],"tags":[1946,2949],"class_list":["post-95535","post","type-post","status-publish","format-standard","hentry","category-produtos","tag-79-90","tag-beleza-na-web-pro-br"],"_links":{"self":[{"href":"https:\/\/jr1.com.br\/shopping\/wp-json\/wp\/v2\/posts\/95535","targetHints":{"allow":["GET"]}}],"collection":[{"href":"https:\/\/jr1.com.br\/shopping\/wp-json\/wp\/v2\/posts"}],"about":[{"href":"https:\/\/jr1.com.br\/shopping\/wp-json\/wp\/v2\/types\/post"}],"author":[{"embeddable":true,"href":"https:\/\/jr1.com.br\/shopping\/wp-json\/wp\/v2\/users\/1"}],"replies":[{"embeddable":true,"href":"https:\/\/jr1.com.br\/shopping\/wp-json\/wp\/v2\/comments?post=95535"}],"version-history":[{"count":0,"href":"https:\/\/jr1.com.br\/shopping\/wp-json\/wp\/v2\/posts\/95535\/revisions"}],"wp:attachment":[{"href":"https:\/\/jr1.com.br\/shopping\/wp-json\/wp\/v2\/media?parent=95535"}],"wp:term":[{"taxonomy":"category","embeddable":true,"href":"https:\/\/jr1.com.br\/shopping\/wp-json\/wp\/v2\/categories?post=95535"},{"taxonomy":"post_tag","embeddable":true,"href":"https:\/\/jr1.com.br\/shopping\/wp-json\/wp\/v2\/tags?post=95535"}],"curies":[{"name":"wp","href":"https:\/\/api.w.org\/{rel}","templated":true}]}}